{"id":15631,"date":"2019-11-22T10:11:43","date_gmt":"2019-11-22T16:11:43","guid":{"rendered":"https:\/\/ipn.usac.edu.gt\/?p=15631"},"modified":"2019-11-22T10:11:43","modified_gmt":"2019-11-22T16:11:43","slug":"revista-impresa-edicion-28","status":"publish","type":"post","link":"https:\/\/ipn.usac.edu.gt\/?p=15631","title":{"rendered":"Revista Impresa edici\u00f3n 28"},"content":{"rendered":"<h1>Ver hacia adelante<\/h1>\n<hr \/>\n<p style=\"text-align: justify;\">Esta edici\u00f3n impresa n\u00famero 28 de Revista An\u00e1lisis de la Realidad Nacional se publica en un per\u00edodo singular de la vida nacional, marcada por el calendario de renovaci\u00f3n, por v\u00edas electorales, de las instituciones nacionales y municipales, cuyo c\u00edrculo temporal cierra en enero de 2020. Es un lapso de pocos meses que nutri\u00f3 las grandes l\u00edneas un colof\u00f3n que, al mismo tiempo, marca el inicio de un nuevo ciclo en la historia del pa\u00eds<\/p>\n<p style=\"text-align: justify;\">Los hitos principales de poco m\u00e1s o menos un semestre \u2013de abril a septiembre de 2019\u2013 se analizan en el primero de los art\u00edculos de la secci\u00f3n dedicada a la coyuntura nacional, pero tambi\u00e9n se ofrece una perspectiva m\u00e1s dilatada en el segundo trabajo de esa misma secci\u00f3n, de la autor\u00eda de Cristhians Castillo, quien aborda el nexo entre los acontecimientos desarrollados a partir de 2015 y el desenlace en v\u00edas de concreci\u00f3n, cuatro a\u00f1os m\u00e1s tarde.<\/p>\n<p style=\"text-align: justify;\">Con toda su importancia para comprender de d\u00f3nde viene, d\u00f3nde est\u00e1 y hacia d\u00f3nde va el pa\u00eds, el an\u00e1lisis de coyuntura es solamente el p\u00f3rtico para llegar a la secci\u00f3n central de esta edici\u00f3n de la revista: dedicada a ver hacia adelante y a profundizar tanto aspectos generales como particulares de una agenda de pa\u00eds. En buena medida, esta segunda secci\u00f3n es la continuidad del tema central de la edici\u00f3n 27 (enero-marzo 2019), dedicado a lo que llamamos \u201clos andamios de la estrategia nacional\u201d en virtud de que, tanto entonces como en este n\u00famero, los autores de los art\u00edculos parten de la Agenda Estrat\u00e9gica 2020-2024, una propuesta desde la Universidad de San Carlos de Guatemala, formulada con los aportes de casi un centenar de expertos convocados a instancias del Consejo Superior Universitario de la USAC.<\/p>\n<p style=\"text-align: justify;\">En un primer bloque de esta secci\u00f3n aparecen los trabajos de Edgar Balsells, Dar\u00edo Monterroso y Magaly Arrecis, cuyos denominadores comunes son los componentes econ\u00f3micos, sociales y ambientales de la agenda estrat\u00e9gica, a su vez enlazados con los Objetivos del Desarrollo Sostenible, a cuyo cumplimiento est\u00e1 comprometido el Estado guatemalteco. En la misma l\u00ednea, pero enfocado en la construcci\u00f3n de garant\u00edas para la salud y la seguridad social, se sit\u00faa el aporte de Adri\u00e1n Ch\u00e1vez, en tanto que los art\u00edculos de Lizandro Acu\u00f1a y Edgar Celada Q., con los cuales se cierra la secci\u00f3n, se ocupan de asuntos particulares relacionados con la justicia y la seguridad ciudadana.<\/p>\n<p style=\"text-align: justify;\">La tercera y \u00faltima secci\u00f3n de la revista se dedica a un asunto de la mayor actualidad nacional y regional: la cuesti\u00f3n migratoria, la cual se aborda en una colaboraci\u00f3n especial de Marcel Ar\u00e9valo. Tratado en profundidad el controvertido tema del tercer pa\u00eds seguro, el trabajo del acad\u00e9mico de la Facultad Latinoamericana de Ciencias Sociales se divide en dos partes, de las cuales en este n\u00famero publicamos la primera.<\/p>\n<p style=\"text-align: justify;\">La preparaci\u00f3n y publicaci\u00f3n de esta nueva edici\u00f3n impresa de Revista An\u00e1lisis de la Realidad Nacional corri\u00f3 paralela a un intenso per\u00edodo de trabajo del Instituto de Investigaci\u00f3n y An\u00e1lisis de la Realidad Nacional (IPNUSAC), que en el semestre de referencia tuvo como actividades centrales la coordinaci\u00f3n, sistematizaci\u00f3n, publicaci\u00f3n y difusi\u00f3n de la ya citada propuesta universitaria para una agenda nacional, as\u00ed como la no menos absorbente e importante organizaci\u00f3n, coordinaci\u00f3n y realizaci\u00f3n del Observatorio Democr\u00e1tico de la USAC, a trav\u00e9s del cual miles de estudiantes, docentes y trabajadores de la universidad p\u00fablica hicimos un aporte voluntario para el desarrollo de las jornadas electorales de junio y agosto de este mismo a\u00f1o.<\/p>\n<p style=\"text-align: justify;\">Todo este esfuerzo acad\u00e9mico y c\u00edvico de proyecci\u00f3n universitaria se refleja, de un modo u otro, en las p\u00e1ginas de esta revista. La entregamos a la consideraci\u00f3n reflexiva y cr\u00edtica de la comunidad sancarlista y de la naci\u00f3n, convencidos de que con este producto concreto cumplimos con nuestro mandato institucional y con el siempre vigente lema de la USAC: \u201cId y ense\u00f1ad a todos\u201d.<\/p>\n<p>&nbsp;<\/p>\n<p style=\"text-align: center;\">Geidy De Mata<br \/>\nDirectora del IPNUSAC<\/p>\n<hr \/>\n<p><a href=\"https:\/\/ipn.usac.edu.gt\/wp-content\/uploads\/2019\/11\/IPN-RI-28-FINAL.pdf\"><img decoding=\"async\" loading=\"lazy\" class=\" wp-image-15626 aligncenter\" src=\"https:\/\/ipn.usac.edu.gt\/wp-content\/uploads\/2019\/11\/IPN-RI-28-anuncio.jpg\" alt=\"\" width=\"713\" height=\"475\" srcset=\"https:\/\/ipn.usac.edu.gt\/wp-content\/uploads\/2019\/11\/IPN-RI-28-anuncio.jpg 2500w, https:\/\/ipn.usac.edu.gt\/wp-content\/uploads\/2019\/11\/IPN-RI-28-anuncio-300x200.jpg 300w, https:\/\/ipn.usac.edu.gt\/wp-content\/uploads\/2019\/11\/IPN-RI-28-anuncio-768x512.jpg 768w, https:\/\/ipn.usac.edu.gt\/wp-content\/uploads\/2019\/11\/IPN-RI-28-anuncio-1024x683.jpg 1024w, https:\/\/ipn.usac.edu.gt\/wp-content\/uploads\/2019\/11\/IPN-RI-28-anuncio-500x333.jpg 500w\" sizes=\"(max-width: 713px) 100vw, 713px\" \/><\/a> &nbsp; &nbsp; <span style=\"color: #ffffff; background-color: #ffffff;\"><a style=\"color: #ffffff; background-color: #ffffff;\" href=\"https:\/\/www.danaslot.com\/\" target=\"_blank\" rel=\"noopener\">DANASLOT<\/a><\/span><\/p>\n","protected":false},"excerpt":{"rendered":"<p>Ver hacia adelante Esta edici\u00f3n impresa n\u00famero 28 de Revista An\u00e1lisis de la Realidad Nacional se publica en un per\u00edodo singular de la vida nacional, marcada por el calendario de renovaci\u00f3n, por v\u00edas electorales, de las instituciones nacionales y municipales,<\/p>\n","protected":false},"author":1,"featured_media":15626,"comment_status":"closed","ping_status":"closed","sticky":false,"template":"","format":"standard","meta":{"footnotes":""},"categories":[1],"tags":[],"_links":{"self":[{"href":"https:\/\/ipn.usac.edu.gt\/index.php?rest_route=\/wp\/v2\/posts\/15631"}],"collection":[{"href":"https:\/\/ipn.usac.edu.gt\/index.php?rest_route=\/wp\/v2\/posts"}],"about":[{"href":"https:\/\/ipn.usac.edu.gt\/index.php?rest_route=\/wp\/v2\/types\/post"}],"author":[{"embeddable":true,"href":"https:\/\/ipn.usac.edu.gt\/index.php?rest_route=\/wp\/v2\/users\/1"}],"replies":[{"embeddable":true,"href":"https:\/\/ipn.usac.edu.gt\/index.php?rest_route=%2Fwp%2Fv2%2Fcomments&post=15631"}],"version-history":[{"count":1,"href":"https:\/\/ipn.usac.edu.gt\/index.php?rest_route=\/wp\/v2\/posts\/15631\/revisions"}],"predecessor-version":[{"id":15632,"href":"https:\/\/ipn.usac.edu.gt\/index.php?rest_route=\/wp\/v2\/posts\/15631\/revisions\/15632"}],"wp:featuredmedia":[{"embeddable":true,"href":"https:\/\/ipn.usac.edu.gt\/index.php?rest_route=\/wp\/v2\/media\/15626"}],"wp:attachment":[{"href":"https:\/\/ipn.usac.edu.gt\/index.php?rest_route=%2Fwp%2Fv2%2Fmedia&parent=15631"}],"wp:term":[{"taxonomy":"category","embeddable":true,"href":"https:\/\/ipn.usac.edu.gt\/index.php?rest_route=%2Fwp%2Fv2%2Fcategories&post=15631"},{"taxonomy":"post_tag","embeddable":true,"href":"https:\/\/ipn.usac.edu.gt\/index.php?rest_route=%2Fwp%2Fv2%2Ftags&post=15631"}],"curies":[{"name":"wp","href":"https:\/\/api.w.org\/{rel}","templated":true}]}}