{"id":15762,"date":"2020-05-04T17:15:51","date_gmt":"2020-05-04T23:15:51","guid":{"rendered":"https:\/\/ipn.usac.edu.gt\/?p=15762"},"modified":"2020-08-14T08:09:10","modified_gmt":"2020-08-14T14:09:10","slug":"15762","status":"publish","type":"post","link":"https:\/\/ipn.usac.edu.gt\/?p=15762","title":{"rendered":"Revista impresa edici\u00f3n 31"},"content":{"rendered":"<h1>PRESENTACI\u00d3N<\/h1>\n<hr \/>\n<h6 style=\"text-align: justify;\">Guatemala, como todo el resto del mundo, vive desde hace varios meses una situaci\u00f3n in\u00e9dita, marcada por la pandemia del COVID-19, para cuya contenci\u00f3n y mitigaci\u00f3n se han tomado medidas extraordinarias que impactaron la totalidad de la vida social, econ\u00f3mica, pol\u00edtica, educativa, cultural, deportiva y espiritual de la naci\u00f3n.<\/h6>\n<h6 style=\"text-align: justify;\">La que conoc\u00edamos hace no m\u00e1s de cuatro meses como vida normal se encuentra trastocada. Al momento de redactar estas l\u00edneas era a\u00fan incierto cu\u00e1ndo podr\u00edan iniciar, en nuestro pa\u00eds, las din\u00e1micas que desde ahora se perciben como necesariamente distintas a lo que fue aquella \u201cnormalidad\u201d.<\/h6>\n<h6 style=\"text-align: justify;\">Cu\u00e1l ser\u00e1 el sentido, profundidad y velocidades que tendr\u00e1n los necesarios cambios para construir una \u201cnueva normalidad\u201d, es precisamente una de las mayores interrogantes a las que se aboca la sociedad guatemalteca, reflexi\u00f3n que est\u00e1 ocurriendo \u2013en mayor o menor medida\u2013 tambi\u00e9n en otras realidades igualmente conmocionadas por la pandemia.<\/h6>\n<h6 style=\"text-align: justify;\">Con el prop\u00f3sito de contribuir desde la academia a esa reflexi\u00f3n, esta edici\u00f3n impresa No. 31 de Revista An\u00e1lisis de la Realidad Nacional fue pensada y sus art\u00edculos redactados para aportar visiones diversas sobre \u00e1ngulos clave en la vida econ\u00f3mica, social, de salud, pol\u00edtica y ambiental del pa\u00eds. Quedan plasmadas en estas p\u00e1ginas las realidades vistas desde los inicios y las primeras semanas de la crisis del COVID-19, reflejan la vivencia de un momento peculiar que, muy probablemente, tendr\u00e1 matices o precisiones una vez que esta publicaci\u00f3n alcance a llegar a los ojos de los amables lectores de nuestra revista.<\/h6>\n<h6 style=\"text-align: justify;\">Escritos b\u00e1sicamente desde el confinamiento, sin embargo, estos art\u00edculos mantendr\u00e1n su vigencia reflexiva esencial, porque su mirada parte del estudio constante de una realidad nacional que es anterior a la epidemia de COVID-19. Precisamente, uno de los desaf\u00edos de fondo de los trabajos aqu\u00ed reunidos es arrojar luz \u2013cada uno en su especializaci\u00f3n tem\u00e1tica\u2013 sobre el engarce entre lo estructural y los componentes novedosos que incorpora este quiebre en la coyuntura nacional y global a la que estamos asistiendo.<\/h6>\n<h6 style=\"text-align: justify;\">Hasta qu\u00e9 punto logramos ese prop\u00f3sito quedar\u00e1 al juicio cr\u00edtico de usted, amigo lector. Al poner a su disposici\u00f3n el producto de este esfuerzo acad\u00e9mico, reiteramos que en la y los autores de los art\u00edculos, as\u00ed como de quienes corren con las responsabilidades t\u00e9cnico-editoriales, prevaleci\u00f3 el \u00e1nimo de estar a la altura de la responsabilidad social de nuestra Universidad de San Carlos de Guatemala, concretada en su lema:<\/h6>\n<h6 style=\"text-align: center;\">\u201cId y ense\u00f1ad a todos\u201d<\/h6>\n<p>&nbsp;<\/p>\n<h6 style=\"text-align: center;\">Geidy De Mata<br \/>\nDirectora del Instituto de An\u00e1lisise Investigaci\u00f3n de los Problemas Nacionales<br \/>\nUniversidad de San Carlos de Guatemala<\/h6>\n<h6 style=\"text-align: center;\">Guatemala, junio de 2020.<\/h6>\n<p>&nbsp;<\/p>\n<hr \/>\n<p><a href=\"https:\/\/ipn.usac.edu.gt\/wp-content\/uploads\/2020\/08\/IPN-RI-31.pdf\"><img decoding=\"async\" loading=\"lazy\" class=\"wp-image-15846 aligncenter\" src=\"https:\/\/ipn.usac.edu.gt\/wp-content\/uploads\/2020\/08\/Anuncio-revista-31.jpg\" alt=\"\" width=\"519\" height=\"346\" srcset=\"https:\/\/ipn.usac.edu.gt\/wp-content\/uploads\/2020\/08\/Anuncio-revista-31.jpg 10417w, https:\/\/ipn.usac.edu.gt\/wp-content\/uploads\/2020\/08\/Anuncio-revista-31-300x200.jpg 300w, https:\/\/ipn.usac.edu.gt\/wp-content\/uploads\/2020\/08\/Anuncio-revista-31-768x512.jpg 768w, https:\/\/ipn.usac.edu.gt\/wp-content\/uploads\/2020\/08\/Anuncio-revista-31-1024x683.jpg 1024w, https:\/\/ipn.usac.edu.gt\/wp-content\/uploads\/2020\/08\/Anuncio-revista-31-500x333.jpg 500w\" sizes=\"(max-width: 519px) 100vw, 519px\" \/><\/a> &nbsp; &nbsp; <span style=\"color: #ffffff; background-color: #ffffff;\"><a style=\"color: #ffffff; background-color: #ffffff;\" href=\"https:\/\/www.gag.org\/\" target=\"_blank\" rel=\"noopener\">slot deposit pulsa<\/a><\/span><\/p>\n","protected":false},"excerpt":{"rendered":"<p>PRESENTACI\u00d3N Guatemala, como todo el resto del mundo, vive desde hace varios meses una situaci\u00f3n in\u00e9dita, marcada por la pandemia del COVID-19, para cuya contenci\u00f3n y mitigaci\u00f3n se han tomado medidas extraordinarias que impactaron la totalidad de la vida social,<\/p>\n","protected":false},"author":1,"featured_media":15846,"comment_status":"closed","ping_status":"closed","sticky":false,"template":"","format":"standard","meta":{"footnotes":""},"categories":[1],"tags":[],"_links":{"self":[{"href":"https:\/\/ipn.usac.edu.gt\/index.php?rest_route=\/wp\/v2\/posts\/15762"}],"collection":[{"href":"https:\/\/ipn.usac.edu.gt\/index.php?rest_route=\/wp\/v2\/posts"}],"about":[{"href":"https:\/\/ipn.usac.edu.gt\/index.php?rest_route=\/wp\/v2\/types\/post"}],"author":[{"embeddable":true,"href":"https:\/\/ipn.usac.edu.gt\/index.php?rest_route=\/wp\/v2\/users\/1"}],"replies":[{"embeddable":true,"href":"https:\/\/ipn.usac.edu.gt\/index.php?rest_route=%2Fwp%2Fv2%2Fcomments&post=15762"}],"version-history":[{"count":6,"href":"https:\/\/ipn.usac.edu.gt\/index.php?rest_route=\/wp\/v2\/posts\/15762\/revisions"}],"predecessor-version":[{"id":15853,"href":"https:\/\/ipn.usac.edu.gt\/index.php?rest_route=\/wp\/v2\/posts\/15762\/revisions\/15853"}],"wp:featuredmedia":[{"embeddable":true,"href":"https:\/\/ipn.usac.edu.gt\/index.php?rest_route=\/wp\/v2\/media\/15846"}],"wp:attachment":[{"href":"https:\/\/ipn.usac.edu.gt\/index.php?rest_route=%2Fwp%2Fv2%2Fmedia&parent=15762"}],"wp:term":[{"taxonomy":"category","embeddable":true,"href":"https:\/\/ipn.usac.edu.gt\/index.php?rest_route=%2Fwp%2Fv2%2Fcategories&post=15762"},{"taxonomy":"post_tag","embeddable":true,"href":"https:\/\/ipn.usac.edu.gt\/index.php?rest_route=%2Fwp%2Fv2%2Ftags&post=15762"}],"curies":[{"name":"wp","href":"https:\/\/api.w.org\/{rel}","templated":true}]}}