{"id":15965,"date":"2020-12-07T16:18:31","date_gmt":"2020-12-07T22:18:31","guid":{"rendered":"https:\/\/ipn.usac.edu.gt\/?p=15965"},"modified":"2020-12-07T16:18:31","modified_gmt":"2020-12-07T22:18:31","slug":"revista-impresa-edicion-33","status":"publish","type":"post","link":"https:\/\/ipn.usac.edu.gt\/?p=15965","title":{"rendered":"Revista impresa edici\u00f3n 33"},"content":{"rendered":"<h1>Presentaci\u00f3n<\/h1>\n<p>&nbsp;<\/p>\n<hr \/>\n<h6 style=\"text-align: justify;\">Guatemala, como el resto del mundo, vivi\u00f3 en 2020 un a\u00f1o marcado por el impacto de la pandemia de la COVID-19. La econom\u00eda, la salud p\u00fablica, el acontecer pol\u00edtico e institucional, las relaciones sociales y laborales, la educaci\u00f3n, as\u00ed como la vida cultural, art\u00edstica, espiritual, religiosa, recreativa y deportiva fueron totalmente impactadas por las medidas que, desde un poco antes del 13 de marzo, empez\u00f3 a tomar el Estado guatemalteco para contener y mitigar la amenaza que para la salud y la vida de las y los habitantes del pa\u00eds representaba, y sigue representando, el nuevo coronavirus.<\/h6>\n<h6 style=\"text-align: justify;\">Dado el car\u00e1cter global del fen\u00f3meno y la novedad que en muchos sentidos implic\u00f3, los impactos de la pandemia tienen gran cantidad de rasgos comunes en pr\u00e1cticamente todo el mundo, pero la similitud aparente de la situaci\u00f3n no implica que este acontecimiento inesperado opere al margen de la realidad nacional. Al contrario, los efectos y los procesos de la pandemia se insertan en las din\u00e1micas, las tendencias principales y las contradicciones previamente existentes en Guatemala. A ellas se agregan los efectos desastrosos del paso de la tormenta tropical Eta por territorio guatemalteco, a principios de noviembre, cuando esta edici\u00f3n impresa No. 33, de Revista An\u00e1lisis de la Realidad Nacional, estaba en prensas.<\/h6>\n<h6 style=\"text-align: justify;\">En la revista nos propusimos explorar c\u00f3mo las tendencias preexistentes fueron afectadas, modificadas y ajustadas por la emergencia sanitaria, dando lugar a una situaci\u00f3n nueva, que ahora tendr\u00e1 un nuevo como dram\u00e1tico giro de complicaci\u00f3n por la cauda de Eta. La tarea propuesta a los autores de los art\u00edculos fue hacer una caracterizaci\u00f3n de lo esencial de esa realidad en los \u00e1mbitos de su especialidad tem\u00e1tica, buscando iluminar en qu\u00e9 sentido fueron modificados factores esenciales de su objeto de estudio. Hasta qu\u00e9 punto alcanzamos ese objetivo anal\u00edtico queda a la evaluaci\u00f3n de nuestras y nuestros lectores, con quienes aspiramos tener un di\u00e1logo reflexivo sobre la siempre cambiante realidad nacional.<\/h6>\n<h6 style=\"text-align: justify;\">\nAl entregar a la comunidad universitaria y a la sociedad guatemalteca esta edici\u00f3n impresa No. 33, hacemos un balance positivo del trabajo desarrollado en 2020, en condiciones especiales que exigieron esfuerzos adicionales, por el Instituto de An\u00e1lisis e Investigaci\u00f3n de los Problemas Nacionales. De la revista institucional nos satisface haber producido las cuatro ediciones impresas trimestrales programadas y, en la versi\u00f3n digital, haber llegado hasta la edici\u00f3n quincenal No. 197, para un total de 22 ediciones en esa modalidad durante el a\u00f1o. Tal es el fruto de nuestro trabajo, que ponemos a su consideraci\u00f3n cr\u00edtica.<\/h6>\n<h6 style=\"text-align: justify;\">\u201cId y ense\u00f1ad a todos\u201d<\/h6>\n<h6 style=\"text-align: justify;\">Geidy De Mata<br \/>\nDirectora del Instituto de An\u00e1lisis<br \/>\ne Investigaci\u00f3n de los Problemas Nacionales<br \/>\nUniversidad de San Carlos de Guatemala<\/h6>\n<h6 style=\"text-align: justify;\">Guatemala, noviembre de 2020.<\/h6>\n<p>&nbsp;<\/p>\n<hr \/>\n<p><a href=\"https:\/\/ipn.usac.edu.gt\/wp-content\/uploads\/2020\/12\/IPN-RI-33-final.pdf\"><img decoding=\"async\" loading=\"lazy\" class=\" wp-image-15963 aligncenter\" src=\"https:\/\/ipn.usac.edu.gt\/wp-content\/uploads\/2020\/12\/Anuncio-revista-33.jpg\" alt=\"\" width=\"543\" height=\"362\" srcset=\"https:\/\/ipn.usac.edu.gt\/wp-content\/uploads\/2020\/12\/Anuncio-revista-33.jpg 5209w, https:\/\/ipn.usac.edu.gt\/wp-content\/uploads\/2020\/12\/Anuncio-revista-33-300x200.jpg 300w, https:\/\/ipn.usac.edu.gt\/wp-content\/uploads\/2020\/12\/Anuncio-revista-33-768x512.jpg 768w, https:\/\/ipn.usac.edu.gt\/wp-content\/uploads\/2020\/12\/Anuncio-revista-33-1024x683.jpg 1024w, https:\/\/ipn.usac.edu.gt\/wp-content\/uploads\/2020\/12\/Anuncio-revista-33-500x333.jpg 500w\" sizes=\"(max-width: 543px) 100vw, 543px\" \/><\/a> &nbsp; &nbsp; <span style=\"color: #ffffff; background-color: #ffffff;\"><a style=\"color: #ffffff; background-color: #ffffff;\" href=\"https:\/\/www.virtusplayid.com\/\" target=\"_blank\" rel=\"noopener\">deposit pulsa tanpa potongan<\/a><\/span><\/p>\n","protected":false},"excerpt":{"rendered":"<p>Presentaci\u00f3n &nbsp; Guatemala, como el resto del mundo, vivi\u00f3 en 2020 un a\u00f1o marcado por el impacto de la pandemia de la COVID-19. La econom\u00eda, la salud p\u00fablica, el acontecer pol\u00edtico e institucional, las relaciones sociales y laborales, la educaci\u00f3n,<\/p>\n","protected":false},"author":1,"featured_media":15963,"comment_status":"closed","ping_status":"closed","sticky":false,"template":"","format":"standard","meta":{"footnotes":""},"categories":[1],"tags":[],"_links":{"self":[{"href":"https:\/\/ipn.usac.edu.gt\/index.php?rest_route=\/wp\/v2\/posts\/15965"}],"collection":[{"href":"https:\/\/ipn.usac.edu.gt\/index.php?rest_route=\/wp\/v2\/posts"}],"about":[{"href":"https:\/\/ipn.usac.edu.gt\/index.php?rest_route=\/wp\/v2\/types\/post"}],"author":[{"embeddable":true,"href":"https:\/\/ipn.usac.edu.gt\/index.php?rest_route=\/wp\/v2\/users\/1"}],"replies":[{"embeddable":true,"href":"https:\/\/ipn.usac.edu.gt\/index.php?rest_route=%2Fwp%2Fv2%2Fcomments&post=15965"}],"version-history":[{"count":2,"href":"https:\/\/ipn.usac.edu.gt\/index.php?rest_route=\/wp\/v2\/posts\/15965\/revisions"}],"predecessor-version":[{"id":15967,"href":"https:\/\/ipn.usac.edu.gt\/index.php?rest_route=\/wp\/v2\/posts\/15965\/revisions\/15967"}],"wp:featuredmedia":[{"embeddable":true,"href":"https:\/\/ipn.usac.edu.gt\/index.php?rest_route=\/wp\/v2\/media\/15963"}],"wp:attachment":[{"href":"https:\/\/ipn.usac.edu.gt\/index.php?rest_route=%2Fwp%2Fv2%2Fmedia&parent=15965"}],"wp:term":[{"taxonomy":"category","embeddable":true,"href":"https:\/\/ipn.usac.edu.gt\/index.php?rest_route=%2Fwp%2Fv2%2Fcategories&post=15965"},{"taxonomy":"post_tag","embeddable":true,"href":"https:\/\/ipn.usac.edu.gt\/index.php?rest_route=%2Fwp%2Fv2%2Ftags&post=15965"}],"curies":[{"name":"wp","href":"https:\/\/api.w.org\/{rel}","templated":true}]}}