{"id":16150,"date":"2021-07-19T16:23:11","date_gmt":"2021-07-19T22:23:11","guid":{"rendered":"https:\/\/ipn.usac.edu.gt\/?p=16150"},"modified":"2021-07-19T16:23:11","modified_gmt":"2021-07-19T22:23:11","slug":"revista-impresa-edicion-35","status":"publish","type":"post","link":"https:\/\/ipn.usac.edu.gt\/?p=16150","title":{"rendered":"Revista impresa edici\u00f3n 35"},"content":{"rendered":"<h1>PRESENTACI\u00d3N<\/h1>\n<h6 style=\"text-align: justify;\">A partir de marzo de 2020 Guatemala entr\u00f3 en la vor\u00e1gine de la Pandemia por el COVID-19, durante este casi a\u00f1o y medio las crisis del sistema de salud y la econ\u00f3mica se han manifestado exponencialmente en la mayor\u00eda de la poblaci\u00f3n guatemalteca. Y hoy que el mundo se alista para entrar en la etapa post pandemia o la denominada \u201cnueva normalidad\u201d, que tiene como componente esencial la inmunizaci\u00f3n a trav\u00e9s de las vacunas anti SARS-CoV-2, Guatemala se encuentra en los \u00faltimos lugares de abastecimiento de vacunas y por ende de porcentajes de personas inmunizadas a nivel mundial, un sistema de salud m\u00e1s deteriorado, altos \u00edndices de desempleo, adem\u00e1s de las vulnerabilidades constantes por el cambio clim\u00e1tico.<\/h6>\n<h6 style=\"text-align: justify;\">\u00bfC\u00f3mo entramos entonces a esa \u201cnueva normalidad\u201d? Esta es la reflexi\u00f3n que el N\u00famero 35 de la Revista An\u00e1lisis de la Realidad Nacional hace en la opini\u00f3n de diferentes autores que abordan nuestra problem\u00e1tica desde la \u00f3ptica de los nuevos enfoques de las pol\u00edticas econ\u00f3micas en la postpandemia; los cambios en la geopol\u00edtica global en el marco de la pandemia; la salud como un bien p\u00fablico global, mercado mundial y pandemia. As\u00ed como las expectativas de pa\u00eds ante el reposicionamiento de Estados Unidos en la escena mundial en la era Biden, el desaf\u00edo de la migraci\u00f3n en este nuevo periodo; la geopol\u00edtica y la geoeconom\u00eda del narcotr\u00e1fico y del crimen organizado en Mesoam\u00e9rica en tiempos de pandemia y, por \u00faltimo, la integraci\u00f3n centroamericana en la perspectiva del bicentenario de la independencia regional y las lecciones de la pandemia.<\/h6>\n<h6 style=\"text-align: justify;\">\nEste n\u00famero re\u00fane las voces de expertos como Francisco Villagr\u00e1n, Edgar Balsells, Alfonso Mata, Luis Padilla, Gabriel Aguilera, Juventino G\u00e1lvez, Carlos Menocal y Juan Alberto Fuentes, quienes han colaborado con la Revista An\u00e1lisis de la Realidad Nacional, para discutir, desde sus especialidades, hacia d\u00f3nde vamos y c\u00f3mo nos desarrollamos en la b\u00fasqueda de ese camino de adaptaci\u00f3n al cambio impuesto por la pandemia, por lo cual nos es sumamente satisfactorio presentar esta nueva edici\u00f3n de nuestra revista, tanto a la comunidad sancarlista como al p\u00fablico en general, esperando que este aporte al estudio de los problemas nacionales ayude a la comprensi\u00f3n y soluci\u00f3n de los mismos.<\/h6>\n<p>&nbsp;<\/p>\n<h6 style=\"text-align: center;\">\u201cId y ense\u00f1ad a todos\u201d<\/h6>\n<h6 style=\"text-align: center;\">Geidy De Mata<br \/>\nDirectora del Instituto de An\u00e1lisis<br \/>\ne Investigaci\u00f3n de los Problemas Nacionales<br \/>\nUniversidad de San Carlos de Guatemala<\/h6>\n<h6 style=\"text-align: right;\">\nGuatemala, junio de 2021.<\/h6>\n<p>&nbsp;<\/p>\n<hr \/>\n<p>&nbsp;<\/p>\n<p><a href=\"https:\/\/ipn.usac.edu.gt\/wp-content\/uploads\/2021\/07\/IPN-RI-35.pdf\"><img decoding=\"async\" loading=\"lazy\" class=\" wp-image-16146 aligncenter\" src=\"https:\/\/ipn.usac.edu.gt\/wp-content\/uploads\/2021\/07\/Anuncio-revista-35.jpg\" alt=\"\" width=\"553\" height=\"369\" srcset=\"https:\/\/ipn.usac.edu.gt\/wp-content\/uploads\/2021\/07\/Anuncio-revista-35.jpg 3334w, https:\/\/ipn.usac.edu.gt\/wp-content\/uploads\/2021\/07\/Anuncio-revista-35-300x200.jpg 300w, https:\/\/ipn.usac.edu.gt\/wp-content\/uploads\/2021\/07\/Anuncio-revista-35-768x512.jpg 768w, https:\/\/ipn.usac.edu.gt\/wp-content\/uploads\/2021\/07\/Anuncio-revista-35-1024x683.jpg 1024w, https:\/\/ipn.usac.edu.gt\/wp-content\/uploads\/2021\/07\/Anuncio-revista-35-500x333.jpg 500w\" sizes=\"(max-width: 553px) 100vw, 553px\" \/><\/a> &nbsp; &nbsp; <span style=\"color: #ffffff; background-color: #ffffff;\"><a style=\"color: #ffffff; background-color: #ffffff;\" href=\"https:\/\/www.nusasloto.com\/\" target=\"_blank\" rel=\"noopener\">nusaslot<\/a><\/span><\/p>\n","protected":false},"excerpt":{"rendered":"<p>PRESENTACI\u00d3N A partir de marzo de 2020 Guatemala entr\u00f3 en la vor\u00e1gine de la Pandemia por el COVID-19, durante este casi a\u00f1o y medio las crisis del sistema de salud y la econ\u00f3mica se han manifestado exponencialmente en la mayor\u00eda<\/p>\n","protected":false},"author":1,"featured_media":16146,"comment_status":"closed","ping_status":"closed","sticky":false,"template":"","format":"standard","meta":{"footnotes":""},"categories":[1],"tags":[],"_links":{"self":[{"href":"https:\/\/ipn.usac.edu.gt\/index.php?rest_route=\/wp\/v2\/posts\/16150"}],"collection":[{"href":"https:\/\/ipn.usac.edu.gt\/index.php?rest_route=\/wp\/v2\/posts"}],"about":[{"href":"https:\/\/ipn.usac.edu.gt\/index.php?rest_route=\/wp\/v2\/types\/post"}],"author":[{"embeddable":true,"href":"https:\/\/ipn.usac.edu.gt\/index.php?rest_route=\/wp\/v2\/users\/1"}],"replies":[{"embeddable":true,"href":"https:\/\/ipn.usac.edu.gt\/index.php?rest_route=%2Fwp%2Fv2%2Fcomments&post=16150"}],"version-history":[{"count":2,"href":"https:\/\/ipn.usac.edu.gt\/index.php?rest_route=\/wp\/v2\/posts\/16150\/revisions"}],"predecessor-version":[{"id":16152,"href":"https:\/\/ipn.usac.edu.gt\/index.php?rest_route=\/wp\/v2\/posts\/16150\/revisions\/16152"}],"wp:featuredmedia":[{"embeddable":true,"href":"https:\/\/ipn.usac.edu.gt\/index.php?rest_route=\/wp\/v2\/media\/16146"}],"wp:attachment":[{"href":"https:\/\/ipn.usac.edu.gt\/index.php?rest_route=%2Fwp%2Fv2%2Fmedia&parent=16150"}],"wp:term":[{"taxonomy":"category","embeddable":true,"href":"https:\/\/ipn.usac.edu.gt\/index.php?rest_route=%2Fwp%2Fv2%2Fcategories&post=16150"},{"taxonomy":"post_tag","embeddable":true,"href":"https:\/\/ipn.usac.edu.gt\/index.php?rest_route=%2Fwp%2Fv2%2Ftags&post=16150"}],"curies":[{"name":"wp","href":"https:\/\/api.w.org\/{rel}","templated":true}]}}