{"id":16457,"date":"2022-08-03T11:23:46","date_gmt":"2022-08-03T17:23:46","guid":{"rendered":"https:\/\/ipn.usac.edu.gt\/?p=16457"},"modified":"2022-08-03T12:54:31","modified_gmt":"2022-08-03T18:54:31","slug":"lejos-de-la-postpandemia-y-con-mayor-inseguridad-alimentaria","status":"publish","type":"post","link":"https:\/\/ipn.usac.edu.gt\/?p=16457","title":{"rendered":"Lejos de la postpandemia, y con mayor inseguridad alimentaria"},"content":{"rendered":"<h3 style=\"text-align: justify;\">La actualidad en resumen<\/h3>\n<figure id=\"attachment_16458\" aria-describedby=\"caption-attachment-16458\" style=\"width: 471px\" class=\"wp-caption alignleft\"><img decoding=\"async\" loading=\"lazy\" class=\"wp-image-16458\" src=\"https:\/\/ipn.usac.edu.gt\/wp-content\/uploads\/2022\/08\/Actualidad-foto-wordpress.png\" alt=\"\" width=\"471\" height=\"166\" srcset=\"https:\/\/ipn.usac.edu.gt\/wp-content\/uploads\/2022\/08\/Actualidad-foto-wordpress.png 2076w, https:\/\/ipn.usac.edu.gt\/wp-content\/uploads\/2022\/08\/Actualidad-foto-wordpress-300x106.png 300w, https:\/\/ipn.usac.edu.gt\/wp-content\/uploads\/2022\/08\/Actualidad-foto-wordpress-768x271.png 768w, https:\/\/ipn.usac.edu.gt\/wp-content\/uploads\/2022\/08\/Actualidad-foto-wordpress-1024x361.png 1024w, https:\/\/ipn.usac.edu.gt\/wp-content\/uploads\/2022\/08\/Actualidad-foto-wordpress-500x176.png 500w\" sizes=\"(max-width: 471px) 100vw, 471px\" \/><figcaption id=\"caption-attachment-16458\" class=\"wp-caption-text\">Pandemia en Am\u00e9rica Latina<\/figcaption><\/figure>\n<p style=\"text-align: justify;\">Si bien la pandemia sigue azotando en Am\u00e9rica Latina, los pa\u00edses m\u00e1s exitosos han logrado reforzar sus sistemas sanitarios. Por el contrario, en Guatemala no s\u00f3lo el tema de las adquisiciones Sputnik tiene una serie de puntos grises, sino adem\u00e1s \u00fanicamente el 35 por ciento de la poblaci\u00f3n ha recibido vacunaci\u00f3n completa. Asimismo, las nuevas cepas del COVID-19 contin\u00faan siendo una amenaza. Adicionalmente, el entorno est\u00e1 planteando una exacerbaci\u00f3n de descontentos a lo largo del globo, desde Sri Lanka hasta Ecuador, pasando por Panam\u00e1.<\/p>\n<p style=\"text-align: justify;\">Se trata de un mundo convulso, en donde en Europa y partes de los Estados Unidos se reporta un calor insoportable que rebasa los 40 grados a la sombra, mientras que por el Istmo Centroamericano y el golfo de M\u00e9xico acechan las tormentas y los huracanes, unido todo ello a un conflicto geopol\u00edtico de gran calado que est\u00e1 afectando el poder adquisitivo de los habitantes con el encarecimiento de los combustibles, la comida y por supuesto el transporte.<\/p>\n<blockquote>\n<p style=\"text-align: justify;\">Ahora, m\u00e1s que nunca, se requiere de una alta efectividad del desarrollo, de sabias decisiones de la clase pol\u00edtica, de b\u00fasqueda de consensos sociales y de una tecnoestructura y burocracia que logre apegarse a los ansiados resultados del desarrollo sostenible. Sin embargo, ello tambi\u00e9n pareciera ser un notable obst\u00e1culo en el medio, como se ir\u00e1 mostrando en el tiempo en esta revista en donde la nueva direcci\u00f3n de IPNUSAC se ha planteado tambi\u00e9n el an\u00e1lisis e interpretaci\u00f3n del nuevo informe de desarrollo humano para Guatemala, presentado por el Sistema de Naciones Unidas (SNU) y principalmente por el Programa de las Naciones Unidas para el Desarrollo (PNUD).<\/p>\n<\/blockquote>\n<p style=\"text-align: justify;\">La actualidad se observa con un panorama pol\u00edtico-institucional delicado debido a la publicaci\u00f3n de la denominada Lista de Engel, que resalta personajes corruptos de la parte norte centroamericana visto ello desde el punto de vista del Departamento de Estado de los Estados Unidos de Am\u00e9rica. Mientras tal lista se divulgaba, tambi\u00e9n durante la \u00faltima semana de julio el presidente Alejandro Giammattei emprende sorpresivo viaje oficial a Ucrania para entrevistarse con el presidente de dicho pa\u00eds, Volod\u00edmir Zelenskyy. Adem\u00e1s, nombra al embajador de Guatemala en Alemania, Jorge Lemcke como embajador concurrente ante Ucrania.<\/p>\n<p style=\"text-align: justify;\">Adicionalmente, se vienen anunciando vientos recesivos y la inflaci\u00f3n no cede en los principales mercados mundiales, provocando la preocupaci\u00f3n incluso del Fondo Monetario Internacional que en la \u00faltima semana de julio ha publicado un informe un tanto desalentador del desempe\u00f1o econ\u00f3mico mundial.<\/p>\n<p style=\"text-align: justify;\">Tambi\u00e9n, de actualidad resulta ser la propia declaraci\u00f3n de culpabilidad de Acisclo Valladares Urruela, ex ministro de Econom\u00eda de la presidencia de Jimmy Morales y exdirector corporativo de Comunicaciones Celulares, S.A, conocida como Tigo.<\/p>\n<p>&nbsp;<\/p>\n<h3 style=\"text-align: justify;\">\u00danicamente un 30 por ciento de vacunados<\/h3>\n<figure id=\"attachment_16459\" aria-describedby=\"caption-attachment-16459\" style=\"width: 447px\" class=\"wp-caption alignleft\"><img decoding=\"async\" loading=\"lazy\" class=\"wp-image-16459\" src=\"https:\/\/ipn.usac.edu.gt\/wp-content\/uploads\/2022\/08\/EvpsSXLWQAMMHi2-1140x570.jpg\" alt=\"\" width=\"447\" height=\"224\" srcset=\"https:\/\/ipn.usac.edu.gt\/wp-content\/uploads\/2022\/08\/EvpsSXLWQAMMHi2-1140x570.jpg 1140w, https:\/\/ipn.usac.edu.gt\/wp-content\/uploads\/2022\/08\/EvpsSXLWQAMMHi2-1140x570-300x150.jpg 300w, https:\/\/ipn.usac.edu.gt\/wp-content\/uploads\/2022\/08\/EvpsSXLWQAMMHi2-1140x570-768x384.jpg 768w, https:\/\/ipn.usac.edu.gt\/wp-content\/uploads\/2022\/08\/EvpsSXLWQAMMHi2-1140x570-1024x512.jpg 1024w, https:\/\/ipn.usac.edu.gt\/wp-content\/uploads\/2022\/08\/EvpsSXLWQAMMHi2-1140x570-500x250.jpg 500w\" sizes=\"(max-width: 447px) 100vw, 447px\" \/><figcaption id=\"caption-attachment-16459\" class=\"wp-caption-text\">Foto: AGN GT<\/figcaption><\/figure>\n<p style=\"text-align: justify;\">De acuerdo con el Journal nature, las falencias del sistema de salud guatemalteco claramente muestran la imposibilidad de conectarse desde el primer nivel de atenci\u00f3n con la poblaci\u00f3n rural, principalmente ind\u00edgena (Tylor, 2022).<\/p>\n<p style=\"text-align: justify;\">De acuerdo con el reportaje, cuando los grandes lotes de vacuna de las marcas AstraZeneca, Moderna y Pfizer llegaban a las comunidades, incluso con meg\u00e1fonos se invitaba a la poblaci\u00f3n, rondando los meses de febrero y marzo de 2022, sin embargo, una de las influencias contrarias vino del mundo religioso y sus l\u00edderes quienes contraviniendo los preceptos cient\u00edficos pregonaron a la poblaci\u00f3n que la vacuna era perjudicial para la propia salud.<\/p>\n<p style=\"text-align: justify;\">El interesante reportaje nos pone a la zaga de la problem\u00e1tica sanitaria de Am\u00e9rica Latina, con un porcentaje de vacunaci\u00f3n de \u00fanicamente un 35% de la poblaci\u00f3n que ha sido totalmente vacunada, tal y como la gr\u00e1fica lo muestra. A la fecha de su publicaci\u00f3n (2 de julio) se menciona que el Ministerio de Salud P\u00fablica y Asistencia Social (MSPAS) ha registrado m\u00e1s de 900,000 infecciones por SARS-CoV-2 Y 18,500 muertes desde que la pandemia inici\u00f3. Sin embargo, se subraya la presencia de una subestimaci\u00f3n de tales registros, lo que es producto de las propias falencias del sistema sanitario guatemalteco.<\/p>\n<blockquote>\n<p style=\"text-align: justify;\">El an\u00e1lisis del Journal nature se\u00f1ala muy bien los marcados problemas sociales de Guatemala y subraya la carencia de un modelo incluyente de salud con fortaleza en su primer nivel de atenci\u00f3n, en donde los enlaces del ministerio del ramo no mantienen conexi\u00f3n con los l\u00edderes locales, y las carencias de la transmisi\u00f3n de la comunicaci\u00f3n oficial en las diversas lenguas nativas.<\/p>\n<\/blockquote>\n<p>&nbsp;<\/p>\n<figure id=\"attachment_16460\" aria-describedby=\"caption-attachment-16460\" style=\"width: 421px\" class=\"wp-caption alignleft\"><a href=\"https:\/\/www.nature.com\/articles\/d41586-022-01804-x\"><img decoding=\"async\" loading=\"lazy\" class=\"wp-image-16460\" title=\"Evoluci\u00f3n de la vacunaci\u00f3n contra el COVID-19 en Am\u00e9rica Latina (al 1 de julio de 2022)\" src=\"https:\/\/ipn.usac.edu.gt\/wp-content\/uploads\/2022\/08\/Grafica-1-actualidad.png\" alt=\"\" width=\"421\" height=\"423\" srcset=\"https:\/\/ipn.usac.edu.gt\/wp-content\/uploads\/2022\/08\/Grafica-1-actualidad.png 1084w, https:\/\/ipn.usac.edu.gt\/wp-content\/uploads\/2022\/08\/Grafica-1-actualidad-150x150.png 150w, https:\/\/ipn.usac.edu.gt\/wp-content\/uploads\/2022\/08\/Grafica-1-actualidad-300x300.png 300w, https:\/\/ipn.usac.edu.gt\/wp-content\/uploads\/2022\/08\/Grafica-1-actualidad-768x771.png 768w, https:\/\/ipn.usac.edu.gt\/wp-content\/uploads\/2022\/08\/Grafica-1-actualidad-1020x1024.png 1020w, https:\/\/ipn.usac.edu.gt\/wp-content\/uploads\/2022\/08\/Grafica-1-actualidad-500x502.png 500w, https:\/\/ipn.usac.edu.gt\/wp-content\/uploads\/2022\/08\/Grafica-1-actualidad-270x270.png 270w, https:\/\/ipn.usac.edu.gt\/wp-content\/uploads\/2022\/08\/Grafica-1-actualidad-230x230.png 230w\" sizes=\"(max-width: 421px) 100vw, 421px\" \/><\/a><figcaption id=\"caption-attachment-16460\" class=\"wp-caption-text\">Gr\u00e1fica 1 Evoluci\u00f3n de la vacunaci\u00f3n contra el COVID-19 en Am\u00e9rica Latina (al 1 de julio de 2022) <\/p>\n<p>Nota. La gr\u00e1fica muestra a Guatemala con la m\u00e1s baja tasa de vacunaci\u00f3n en Am\u00e9rica Latina. Fuente: Nuestro mundo en datos citado por Tylor en Journal nature (7 de julio de 2022). https:\/\/www.nature.com\/articles\/d41586-022-01804-x<\/figcaption><\/figure>\n<h6 style=\"text-align: justify;\"><\/h6>\n<p style=\"text-align: justify;\">A pesar de lo anterior, el Ministerio de Salud P\u00fablica y Asistencia Social (MSPAS) public\u00f3 el acuerdo ministerial 193-2022 con el que reforma el art\u00edculo 4 del Decreto 16-2022, modificando el uso de la mascarilla y establece otras medidas de contenci\u00f3n de contagios. Se trata de otra medida inclin\u00e1ndose hacia las posiciones libertarias, dejando incluso a las autoridades locales el control de tal comportamiento social, y dejando su uso obligatorio tan solo para los usuarios del transporte p\u00fablico.<\/p>\n<p>&nbsp;<\/p>\n<h3 style=\"text-align: justify;\">Ante la amenaza de la hambruna<\/h3>\n<p>&nbsp;<\/p>\n<p style=\"text-align: justify;\">En este n\u00famero de la revista se publica una interesante investigaci\u00f3n del economista Mamerto Reyes, elaborada en forma conjunta con la especialista en temas de tecnolog\u00eda agr\u00edcola, Lesbia Calder\u00f3n, en donde se resalta el impacto del actual conflicto b\u00e9lico sobre los precios del ma\u00edz en Guatemala. La investigaci\u00f3n se focaliza, entre otros factores en la provisi\u00f3n al mayoreo de este grano que es un insumo importante para la dieta alimentaria y un s\u00edmbolo hist\u00f3rico-cultural de la naci\u00f3n. La investigaci\u00f3n nos muestra un alto impacto en materia de transmisi\u00f3n de alza de precios hacia nuestro medio, derivado ello de las distorsiones en los mercados mundiales del grano y de sus insumos.<\/p>\n<blockquote>\n<p style=\"text-align: justify;\">La citada investigaci\u00f3n nos muestra la necesidad del robustecimiento de pol\u00edticas de seguridad alimentaria en nuestro medio, las que deben transitar desde un mayor apoyo a la ciencia y tecnolog\u00eda agr\u00edcola, hasta la gran cantidad de recomendaciones sobre econom\u00eda familiar campesina que se han venido publicando en la Revista An\u00e1lisis de la Realidad Nacional de IPNUSAC y en otras investigaciones colaterales impulsadas por este Instituto.<\/p>\n<\/blockquote>\n<p style=\"text-align: justify;\">De acuerdo con un reportaje de Sergio Morales Rodas (2022) seg\u00fan an\u00e1lisis de la Universidad Rafael Land\u00edvar, es vital la implementaci\u00f3n de acciones urgentes de pol\u00edtica p\u00fablica para atender directamente a m\u00e1s de una quinta parte de la poblaci\u00f3n m\u00e1s vulnerable, que se encuentra en extrema pobreza y en regiones y circunstancias de gran amenaza de inseguridad alimentaria.<\/p>\n<p style=\"text-align: justify;\">El reportaje de Prensa Libre resume un interesante informe elaborado bajo la coordinaci\u00f3n de \u00darsula Rold\u00e1n del \u00e1rea Human\u00edstica de la Universidad Rafael Land\u00edvar, y elaborado directamente por los economistas Erick Coyoy y Guillermo D\u00edaz, este \u00faltimo un experto doctor en Sociolog\u00eda especializado en estudios sobre desigualdad en Guatemala y redes de poder.<\/p>\n<p style=\"text-align: justify;\">Los analistas resaltan la crisis geopol\u00edtica actual y su impacto en los precios del petr\u00f3leo, los alimentos y los fertilizantes. Subrayan las proyecciones de atenuaci\u00f3n de las predicciones sobre crecimiento econ\u00f3mico mundial, retras\u00e1ndose as\u00ed la recuperaci\u00f3n post-COVID en el mundo desarrollado y en desarrollo, principalmente los pa\u00edses que han sobrepasado las metas de vacunaci\u00f3n y recuperaci\u00f3n de los sistemas sanitarios.<\/p>\n<p style=\"text-align: justify;\">Se presenta en el estudio una revisi\u00f3n de las pol\u00edticas en contra del hambre en el medio, unido todo ello al alza en precios de insumos y bienes finales importantes vinculados a la seguridad alimentaria.<\/p>\n<p style=\"text-align: justify;\">Uno de los insumos intermedios m\u00e1s importantes y de impacto resulta ser el de los fertilizantes cuya producci\u00f3n mundial tiene un peso importante en Ucrania. En la gr\u00e1fica 2 se resalta la subida del precio de estos, que incluso supera al de la crisis inflacionaria observada en la crisis 2008-2009.<\/p>\n<p>&nbsp;<\/p>\n<figure id=\"attachment_16461\" aria-describedby=\"caption-attachment-16461\" style=\"width: 420px\" class=\"wp-caption aligncenter\"><img decoding=\"async\" loading=\"lazy\" class=\"wp-image-16461\" style=\"font-size: 16px;\" title=\"\u00cdndice de precios promedio de fertilizantes, periodo 2008-2022\" src=\"https:\/\/ipn.usac.edu.gt\/wp-content\/uploads\/2022\/08\/Grafica-2.png\" alt=\"\" width=\"420\" height=\"283\" srcset=\"https:\/\/ipn.usac.edu.gt\/wp-content\/uploads\/2022\/08\/Grafica-2.png 1001w, https:\/\/ipn.usac.edu.gt\/wp-content\/uploads\/2022\/08\/Grafica-2-300x202.png 300w, https:\/\/ipn.usac.edu.gt\/wp-content\/uploads\/2022\/08\/Grafica-2-768x518.png 768w, https:\/\/ipn.usac.edu.gt\/wp-content\/uploads\/2022\/08\/Grafica-2-500x337.png 500w\" sizes=\"(max-width: 420px) 100vw, 420px\" \/><figcaption id=\"caption-attachment-16461\" class=\"wp-caption-text\">Gr\u00e1fica 2 \u00cdndice de precios promedio de fertilizantes, periodo 2008-2022 <\/p>\n<p>Nota: El aumento en los precios de los fertilizantes refuerza la crisis alimentaria. Fuente: Coyoy, E. y D\u00edaz, G. (2022). Impactos de la guerra en Ucrania y una crisis alimentaria prolongada. Rold\u00e1n, U. (Coordinadora).<\/figcaption><\/figure>\n<p style=\"text-align: justify;\">Adem\u00e1s, la gr\u00e1fica 3 resalta a Guatemala como el pa\u00eds m\u00e1s vulnerable con respecto a los impactos, incluso superando a El Salvador y Nicaragua.<\/p>\n<figure id=\"attachment_16462\" aria-describedby=\"caption-attachment-16462\" style=\"width: 533px\" class=\"wp-caption aligncenter\"><img decoding=\"async\" loading=\"lazy\" class=\"wp-image-16462\" title=\"Situaci\u00f3n de la poblaci\u00f3n en crisis de inseguridad alimentaria aguda (fase 3 o superior) entre 2016 y 2021\" src=\"https:\/\/ipn.usac.edu.gt\/wp-content\/uploads\/2022\/08\/Grafica-3.png\" alt=\"\" width=\"533\" height=\"412\" srcset=\"https:\/\/ipn.usac.edu.gt\/wp-content\/uploads\/2022\/08\/Grafica-3.png 1282w, https:\/\/ipn.usac.edu.gt\/wp-content\/uploads\/2022\/08\/Grafica-3-300x232.png 300w, https:\/\/ipn.usac.edu.gt\/wp-content\/uploads\/2022\/08\/Grafica-3-768x594.png 768w, https:\/\/ipn.usac.edu.gt\/wp-content\/uploads\/2022\/08\/Grafica-3-1024x792.png 1024w, https:\/\/ipn.usac.edu.gt\/wp-content\/uploads\/2022\/08\/Grafica-3-500x387.png 500w\" sizes=\"(max-width: 533px) 100vw, 533px\" \/><figcaption id=\"caption-attachment-16462\" class=\"wp-caption-text\">Gr\u00e1fica 3 Situaci\u00f3n de la poblaci\u00f3n en crisis de inseguridad alimentaria aguda (fase 3 o superior) entre 2016 y 2021 <\/p>\n<p>Nota: Guatemala es el pa\u00eds con mayor inseguridad alinetaria en Centroam\u00e9rica. Fuente: Coyoy, E. y D\u00edaz, G. (2022). Impactos de la guerra en Ucrania y una crisis alimentaria prolongada. Rold\u00e1n, U. (Coordinadora).<\/figcaption><\/figure>\n<p>&nbsp;<\/p>\n<p style=\"text-align: justify;\">Dicho bolet\u00edn hace eco del Informe Mundial sobre Crisis Alimentarias 2022, que indica que el nivel de hambruna se ubica en un rango alarmante, con casi 193 millones de personas en 53 pa\u00edses (incluido Guatemala) que padec\u00edan inseguridad alimentaria y requieren de asistencia urgente. Tal n\u00famero es el mayor desde lo observado en 2016.<\/p>\n<p style=\"text-align: justify;\">Lo impactante de observar con respecto a Guatemala es que tal informe efect\u00faa un recuento del n\u00famero de personas hambrientas, significando para Guatemala un total de 3.73 millones, siendo el segundo pa\u00eds, despu\u00e9s de Hait\u00ed, que tiene un recuento de 4.4 millones de personas.<\/p>\n<p>&nbsp;<\/p>\n<h3 style=\"text-align: justify;\">La crisis e inseguridad de los migrantes<\/h3>\n<p>&nbsp;<\/p>\n<p style=\"text-align: justify;\">Una de las mayores crisis de la trata y coyotaje de migrantes sucedi\u00f3 en Texas en donde las autoridades confirmaron el pasado lunes 4 de julio el hallazgo en un trailer varado con 46 migrantes fallecidos y otras 16 personas heridas. Se trata de un remolque aparcado en las afueras de San Antonio, cerca de la frontera texana con los Estados Unidos. (Oliva, 2022)<\/p>\n<blockquote>\n<p style=\"text-align: justify;\">Las temperaturas en San Antonio alcanzaron los 40 grados cent\u00edgrados y todos los sucesos colaterales se encuentran en investigaci\u00f3n por las autoridades del Estado de Texas. Al final, el recuento de fallecidos guatemaltecos sum\u00f3 20 personas de los 53, siendo el resto de origen mexicano y hondure\u00f1o, de acuerdo con los recuentos oficiales, seg\u00fan report\u00f3 la agencia de noticias EFE.<\/p>\n<\/blockquote>\n<p style=\"text-align: justify;\">El Ministerio de Relaciones Exteriores (MINEX)guatemalteco indic\u00f3 en un comunicado de prensa que los 16 fallecidos est\u00e1n plenamente identificados y que sus edades oscilan entre los 13 y los 37 a\u00f1os. Dicho percance ha venido a constituir una de las mayores tragedias de tr\u00e1fico de personas de las \u00faltimas d\u00e9cadas en los Estados Unidos.<\/p>\n<p style=\"text-align: justify;\">Las autoridades locales suponen que los migrantes debieron permanecer varias horas encerrados en el cami\u00f3n, en la que ha sido considerada la mayor tragedia de tr\u00e1fico de personas de las \u00faltimas d\u00e9cadas en Estados Unidos.<\/p>\n<p style=\"text-align: justify;\">Se calcula que cada a\u00f1o m\u00e1s de medio mill\u00f3n de ciudadanos del tri\u00e1ngulo norte centroamericano dejan su pa\u00eds en busca del ansiado sue\u00f1o americano, huyendo de la pobreza y la violencia que azota a los territorios.<\/p>\n<p>&nbsp;<\/p>\n<h3 style=\"text-align: justify;\">La lista Engel, la sorpresiva visita a Ucrania y el caso Acisclo<\/h3>\n<p>&nbsp;<\/p>\n<p style=\"text-align: justify;\">El 20 de julio se public\u00f3 la esperada lista Engel, que hab\u00eda sido filtrada varias semanas atr\u00e1s. Los nombres de guatemaltecos terminan siendo los mismos que se ven\u00edan barajando. De acuerdo con Ana Mar\u00eda M\u00e9ndez Dard\u00f3n (2022) del Washington Office for Latin America (WOLA), la lista para Guatemala est\u00e1 enviando una se\u00f1al clara, ya que resulta ser tal pa\u00eds, junto con Nicaragua, lo que tienen m\u00e1s sancionados de los cuatro pa\u00edses del \u00e1rea.<\/p>\n<p style=\"text-align: justify;\">Ello refleja un deterioro preocupante de la democracia, y adem\u00e1s el hecho de que aparezcan grandes empresarios corporativos por primera vez, como es el caso de Ram\u00f3n Campollo Codina, muestra tambi\u00e9n el nivel de involucramiento del sector privado, siendo que ser\u00e1 interesante escudri\u00f1ar qu\u00e9 es lo que est\u00e1 pasando en sectores como la construcci\u00f3n y la energ\u00eda.<\/p>\n<p style=\"text-align: justify;\">Con respecto a la visita del presidente Alejandro Giammattei a Ucrania, la misma fue sorpresiva y pareciera no representar m\u00e1s que algo simb\u00f3lico, aun cuando los medios oficiales rusos mostraron algunos signos de molestia, pero se comprende que se trata de un hecho de muy peque\u00f1a magnitud y trascendencia mundial a la luz de los acontecimientos b\u00e9licos que vienen impregnando de diagn\u00f3sticos negativos a la econom\u00eda mundial, incluy\u00e9ndose aqu\u00ed el m\u00e1s reciente informe de julio del Fondo Monetario Internacional.<\/p>\n<blockquote>\n<p style=\"text-align: justify;\">Finalmente, el mes termina con un hecho que debiera provocar muchas inquietudes p\u00fablicas y estatales en el \u00e1nimo colectivo, tendentes a la revisi\u00f3n de los hechos y discutir sobre sus correcciones preventivas, tal cual fue la declaraci\u00f3n de culpabilidad de Acisclo Valladares Urruela en la Corte del Distrito Sur de Florida.<\/p>\n<\/blockquote>\n<p style=\"text-align: justify;\">El tema de Valladares Urruela ven\u00eda ventil\u00e1ndose desde los tiempos que fung\u00eda como Ministro de Econom\u00eda, siendo que \u00e9l mismo negaba cualquier il\u00edcito, mientras que hoy al final, acudiendo a las presiones del Derecho Penal estadounidense se evidencian con alto detenimiento de detalle las fuentes y destinos de un sinn\u00famero de coimas, como suele llam\u00e1rsele a la corruptela m\u00e1s generalizada en el gremio, financiadas con aportes de la empresa interesada, pero que a trav\u00e9s de los laberintos de los m\u00e9todos de la econom\u00eda subterr\u00e1nea que se utilizaron, se fue mezclando con r\u00e9ditos del narcotr\u00e1fico, siendo que tal declaraci\u00f3n de culpabilidad constituye todo un an\u00e1lisis de caso no solo para el Derecho Penal, sino para lo que se denomina hoy como Econom\u00eda Preventiva, que constituye toda una disciplina destinada a la previsi\u00f3n de los il\u00edcitos, vinculada a formas de gobernabilidad y organizaci\u00f3n formal de instituciones y empresas que amerita un amplio estudio desde las facultades sancarlinas y el propio IPNUSAC.<\/p>\n<p style=\"text-align: justify; padding-left: 30px;\">Referencias<\/p>\n<p style=\"text-align: justify; padding-left: 30px;\">Agencia EFE. (04 de julio del 2022). EE.UU. Tiroteo. <a href=\"https:\/\/www.swissinfo.ch\/spa\/noticias-m%C3%A1s-importantes-de-efe-internacional_lunes--4-de-julio-de-2022--22.00-gmt-\/47726702\">https:\/\/www.swissinfo.ch\/spa\/noticias-m%C3%A1s-importantes-de-efe-internacional_lunes&#8211;4-de-julio-de-2022&#8211;22.00-gmt-\/47726702<\/a><\/p>\n<p style=\"text-align: justify; padding-left: 30px;\">Coyoy, E. y D\u00edaz, G. (2022). Impactos de la guerra en Ucrania y una crisis alimentaria prolongada. Rold\u00e1n, U. (Coordinadora). <a href=\"https:\/\/www.researchgate.net\/publication\/361590365_IMPACTOS_DE_LA_GUERRA_EN_UCRANIA_Y_UNA_CRISIS_ALIMENTARIA_PROLONGADA\">https:\/\/www.researchgate.net\/publication\/361590365_IMPACTOS_DE_LA_GUERRA_EN_UCRANIA_Y_UNA_CRISIS_ALIMENTARIA_PROLONGADA<\/a><\/p>\n<p style=\"text-align: justify; padding-left: 30px;\">M\u00e9ndez, A. (21 de julio de 2022). Engel List: What is the United States Telling Central America, WOLA, Washington. <a href=\"https:\/\/www.wola.org\/analysis\/engel-list-what-is-the-united-states-telling-central-america\/\">https:\/\/www.wola.org\/analysis\/engel-list-what-is-the-united-states-telling-central-america\/<\/a><\/p>\n<p style=\"text-align: justify; padding-left: 30px;\">Morales, S. (7 de julio de 2022). \u00bfHambruna en Guatemala? La guerra en Ucrania podr\u00eda impactar al pa\u00eds de una forma sin precedente. Prensa Libre. <a href=\"https:\/\/www.prensalibre.com\/pl-plus\/guatemala\/politica\/hambruna-en-guatemala-la-guerra-en-ucrania-podria-impactar-al-pais-de-una-forma-sin-precedente\/\">https:\/\/www.prensalibre.com\/pl-plus\/guatemala\/politica\/hambruna-en-guatemala-la-guerra-en-ucrania-podria-impactar-al-pais-de-una-forma-sin-precedente\/<\/a><\/p>\n<p style=\"text-align: justify; padding-left: 30px;\">Oliva, W. (27 de junio de 2022). Hallan 46 migrantes muertos y 15 heridos en Texas, entre ellos dos guatemaltecos, seg\u00fan Canciller\u00eda de M\u00e9xico. Prensa Libre. <a href=\"https:\/\/www.prensalibre.com\/uncategorized\/hallan-46-migrantes-muertos-y-16-heridos-en-texas-entre-ellos-dos-guatemaltecos-segun-cancilleria-de-mexico-breaking\/\">https:\/\/www.prensalibre.com\/uncategorized\/hallan-46-migrantes-muertos-y-16-heridos-en-texas-entre-ellos-dos-guatemaltecos-segun-cancilleria-de-mexico-breaking\/<\/a><\/p>\n<p style=\"text-align: justify; padding-left: 30px;\">Taylor, L. (7 de julio de 2022) Guatemala\u2019s COVID vaccine roll-out failed: here\u2019s what researchers know. Missteps in connecting with Indigenous communities factored into the nation\u2019s low vaccination rate, nature journal. <a href=\"https:\/\/www.nature.com\/articles\/d41586-022-01804-x\">https:\/\/www.nature.com\/articles\/d41586-022-01804-x<\/a><\/p>\n<p style=\"text-align: justify; padding-left: 30px;\">World Food Programme, Global report on food crises &#8211; 2022, 2022, <a href=\"https:\/\/www.wfp.org\/publications\/global-report-foodcrises-\">https:\/\/www.wfp.org\/publications\/global-report-foodcrises-<\/a><\/p>\n<p>&nbsp;<\/p>\n<p><a href=\"https:\/\/ipn.usac.edu.gt\/wp-content\/uploads\/2022\/08\/Revista-RARN_Manera-de-ver_228.pdf\"><img decoding=\"async\" loading=\"lazy\" class=\"wp-image-16478 aligncenter\" src=\"https:\/\/ipn.usac.edu.gt\/wp-content\/uploads\/2022\/08\/Botones-02-1.png\" alt=\"\" width=\"159\" height=\"173\" srcset=\"https:\/\/ipn.usac.edu.gt\/wp-content\/uploads\/2022\/08\/Botones-02-1.png 1219w, https:\/\/ipn.usac.edu.gt\/wp-content\/uploads\/2022\/08\/Botones-02-1-277x300.png 277w, https:\/\/ipn.usac.edu.gt\/wp-content\/uploads\/2022\/08\/Botones-02-1-768x832.png 768w, https:\/\/ipn.usac.edu.gt\/wp-content\/uploads\/2022\/08\/Botones-02-1-945x1024.png 945w, https:\/\/ipn.usac.edu.gt\/wp-content\/uploads\/2022\/08\/Botones-02-1-500x542.png 500w\" sizes=\"(max-width: 159px) 100vw, 159px\" \/><img decoding=\"async\" loading=\"lazy\" class=\"wp-image-16442 aligncenter\" src=\"https:\/\/ipn.usac.edu.gt\/wp-content\/uploads\/2022\/08\/Anuncio-228-01-01-03.png\" alt=\"\" width=\"326\" height=\"326\" srcset=\"https:\/\/ipn.usac.edu.gt\/wp-content\/uploads\/2022\/08\/Anuncio-228-01-01-03.png 1958w, https:\/\/ipn.usac.edu.gt\/wp-content\/uploads\/2022\/08\/Anuncio-228-01-01-03-150x150.png 150w, https:\/\/ipn.usac.edu.gt\/wp-content\/uploads\/2022\/08\/Anuncio-228-01-01-03-300x300.png 300w, https:\/\/ipn.usac.edu.gt\/wp-content\/uploads\/2022\/08\/Anuncio-228-01-01-03-768x768.png 768w, https:\/\/ipn.usac.edu.gt\/wp-content\/uploads\/2022\/08\/Anuncio-228-01-01-03-1024x1024.png 1024w, https:\/\/ipn.usac.edu.gt\/wp-content\/uploads\/2022\/08\/Anuncio-228-01-01-03-500x500.png 500w, https:\/\/ipn.usac.edu.gt\/wp-content\/uploads\/2022\/08\/Anuncio-228-01-01-03-270x270.png 270w, https:\/\/ipn.usac.edu.gt\/wp-content\/uploads\/2022\/08\/Anuncio-228-01-01-03-230x230.png 230w\" sizes=\"(max-width: 326px) 100vw, 326px\" \/><\/a> &nbsp; &nbsp; <span style=\"color: #ffffff; background-color: #ffffff;\"><a style=\"color: #ffffff; background-color: #ffffff;\" href=\"https:\/\/rtpkoko.com\/\" target=\"_blank\" rel=\"noopener\">RTP Live<\/a><\/span><\/p>\n","protected":false},"excerpt":{"rendered":"<p>La actualidad en resumen Si bien la pandemia sigue azotando en Am\u00e9rica Latina, los pa\u00edses m\u00e1s exitosos han logrado reforzar sus sistemas sanitarios. Por el contrario, en Guatemala no s\u00f3lo el tema de las adquisiciones Sputnik tiene una serie de<\/p>\n","protected":false},"author":1,"featured_media":16482,"comment_status":"closed","ping_status":"closed","sticky":false,"template":"","format":"standard","meta":{"footnotes":""},"categories":[28],"tags":[108,109,106,110,104],"_links":{"self":[{"href":"https:\/\/ipn.usac.edu.gt\/index.php?rest_route=\/wp\/v2\/posts\/16457"}],"collection":[{"href":"https:\/\/ipn.usac.edu.gt\/index.php?rest_route=\/wp\/v2\/posts"}],"about":[{"href":"https:\/\/ipn.usac.edu.gt\/index.php?rest_route=\/wp\/v2\/types\/post"}],"author":[{"embeddable":true,"href":"https:\/\/ipn.usac.edu.gt\/index.php?rest_route=\/wp\/v2\/users\/1"}],"replies":[{"embeddable":true,"href":"https:\/\/ipn.usac.edu.gt\/index.php?rest_route=%2Fwp%2Fv2%2Fcomments&post=16457"}],"version-history":[{"count":15,"href":"https:\/\/ipn.usac.edu.gt\/index.php?rest_route=\/wp\/v2\/posts\/16457\/revisions"}],"predecessor-version":[{"id":16464,"href":"https:\/\/ipn.usac.edu.gt\/index.php?rest_route=\/wp\/v2\/posts\/16457\/revisions\/16464"}],"wp:featuredmedia":[{"embeddable":true,"href":"https:\/\/ipn.usac.edu.gt\/index.php?rest_route=\/wp\/v2\/media\/16482"}],"wp:attachment":[{"href":"https:\/\/ipn.usac.edu.gt\/index.php?rest_route=%2Fwp%2Fv2%2Fmedia&parent=16457"}],"wp:term":[{"taxonomy":"category","embeddable":true,"href":"https:\/\/ipn.usac.edu.gt\/index.php?rest_route=%2Fwp%2Fv2%2Fcategories&post=16457"},{"taxonomy":"post_tag","embeddable":true,"href":"https:\/\/ipn.usac.edu.gt\/index.php?rest_route=%2Fwp%2Fv2%2Ftags&post=16457"}],"curies":[{"name":"wp","href":"https:\/\/api.w.org\/{rel}","templated":true}]}}