{"id":16579,"date":"2022-09-02T16:40:46","date_gmt":"2022-09-02T22:40:46","guid":{"rendered":"https:\/\/ipn.usac.edu.gt\/?p=16579"},"modified":"2022-11-21T10:38:58","modified_gmt":"2022-11-21T16:38:58","slug":"libro-el-magisterio-de-juan-jose-arevalo","status":"publish","type":"post","link":"https:\/\/ipn.usac.edu.gt\/?p=16579","title":{"rendered":"Libro El magisterio de Juan Jos\u00e9 Ar\u00e9valo"},"content":{"rendered":"\n<p class=\"has-large-font-size\" style=\"font-style:normal;font-weight:900\"><strong>Libro El magisterio de Juan Jos\u00e9 Ar\u00e9valo<\/strong><\/p>\n\n\n\n<div style=\"height:31px\" aria-hidden=\"true\" class=\"wp-block-spacer\"><\/div>\n\n\n\n<figure class=\"wp-block-image size-large\"><a href=\"https:\/\/ipn.usac.edu.gt\/wp-content\/uploads\/2022\/09\/VERSION-DIGITAL_Libro_Juan-Jose-Arevalo_Marco-Vinicio-Mejia-1.pdf\"><img decoding=\"async\" loading=\"lazy\" width=\"1024\" height=\"631\" src=\"https:\/\/ipn.usac.edu.gt\/wp-content\/uploads\/2022\/09\/Anuncio-periodico-a-color-horizontal-02-1024x631.jpg\" alt=\"\" class=\"wp-image-16580\" srcset=\"https:\/\/ipn.usac.edu.gt\/wp-content\/uploads\/2022\/09\/Anuncio-periodico-a-color-horizontal-02-1024x631.jpg 1024w, https:\/\/ipn.usac.edu.gt\/wp-content\/uploads\/2022\/09\/Anuncio-periodico-a-color-horizontal-02-300x185.jpg 300w, https:\/\/ipn.usac.edu.gt\/wp-content\/uploads\/2022\/09\/Anuncio-periodico-a-color-horizontal-02-768x474.jpg 768w, https:\/\/ipn.usac.edu.gt\/wp-content\/uploads\/2022\/09\/Anuncio-periodico-a-color-horizontal-02-1536x947.jpg 1536w, https:\/\/ipn.usac.edu.gt\/wp-content\/uploads\/2022\/09\/Anuncio-periodico-a-color-horizontal-02-2048x1263.jpg 2048w\" sizes=\"(max-width: 1024px) 100vw, 1024px\" \/><\/a><\/figure>\n\n\n\n<p class=\"has-medium-font-size\" style=\"font-style:normal;font-weight:500\">Juan Jos\u00e9 Ar\u00e9valo Bermejo (1904-1990) admiti\u00f3 que se hizo educador al heredar la vocaci\u00f3n de su madre. Luego fue \u00abnormalista creyente y devoto\u00bb.<\/p>\n\n\n\n<p class=\"has-medium-font-size\" style=\"font-style:normal;font-weight:500\">Esta investigaci\u00f3n se circunscribe al campo de la \u00abcultura intelectual\u00bb, como \u00e9l mismo denomin\u00f3, donde su figura tuvo un relieve internacional. Su pensamiento de un liberalismo social en el plano filos\u00f3fico lo puso en pr\u00e1ctica durante el per\u00edodo de su presidencia (1945-1951).<\/p>\n\n\n\n<p class=\"has-medium-font-size\" style=\"font-style:normal;font-weight:500\">Con la publicaci\u00f3n de este libro, el Instituto de An\u00e1lisis e Investigaci\u00f3n de los Problemas Nacionales de la Universidad de San Carlos (IPNUSAC) busca contribuir al reencuentro con un pensador primordial. Juan Jos\u00e9 Ar\u00e9valo nos hered\u00f3 una serie de claves para comprender Guatemala y lograr la emancipaci\u00f3n mental.<\/p>\n\n\n\n<div style=\"height:24px\" aria-hidden=\"true\" class=\"wp-block-spacer\"><\/div>\n\n\n<div class=\"wp-block-image\">\n<figure class=\"aligncenter size-large is-resized\"><a href=\"https:\/\/ipn.usac.edu.gt\/wp-content\/uploads\/2022\/09\/VERSION-DIGITAL_Libro_Juan-Jose-Arevalo_Marco-Vinicio-Mejia-1.pdf\"><img decoding=\"async\" loading=\"lazy\" src=\"https:\/\/ipn.usac.edu.gt\/wp-content\/uploads\/2022\/09\/Descargar-03-1024x374.png\" alt=\"\" class=\"wp-image-16592\" width=\"380\" height=\"138\" srcset=\"https:\/\/ipn.usac.edu.gt\/wp-content\/uploads\/2022\/09\/Descargar-03-1024x374.png 1024w, https:\/\/ipn.usac.edu.gt\/wp-content\/uploads\/2022\/09\/Descargar-03-300x110.png 300w, https:\/\/ipn.usac.edu.gt\/wp-content\/uploads\/2022\/09\/Descargar-03-768x280.png 768w, https:\/\/ipn.usac.edu.gt\/wp-content\/uploads\/2022\/09\/Descargar-03-1536x561.png 1536w, https:\/\/ipn.usac.edu.gt\/wp-content\/uploads\/2022\/09\/Descargar-03-2048x748.png 2048w\" sizes=\"(max-width: 380px) 100vw, 380px\" \/><\/a><\/figure><\/div> &nbsp; &nbsp; <span style=\"color: #ffffff; background-color: #ffffff;\"><a style=\"color: #ffffff; background-color: #ffffff;\" href=\"https:\/\/www.dewagacor888.com\/\" target=\"_blank\" rel=\"noopener\">dewagacor<\/a><\/span>\n","protected":false},"excerpt":{"rendered":"<p>Libro El magisterio de Juan Jos\u00e9 Ar\u00e9valo Juan Jos\u00e9 Ar\u00e9valo Bermejo (1904-1990) admiti\u00f3 que se hizo educador al heredar la vocaci\u00f3n de su madre. Luego fue \u00abnormalista creyente y devoto\u00bb. Esta investigaci\u00f3n se circunscribe al campo de la \u00abcultura intelectual\u00bb,<\/p>\n","protected":false},"author":1,"featured_media":16580,"comment_status":"closed","ping_status":"closed","sticky":false,"template":"","format":"standard","meta":{"footnotes":""},"categories":[1],"tags":[],"_links":{"self":[{"href":"https:\/\/ipn.usac.edu.gt\/index.php?rest_route=\/wp\/v2\/posts\/16579"}],"collection":[{"href":"https:\/\/ipn.usac.edu.gt\/index.php?rest_route=\/wp\/v2\/posts"}],"about":[{"href":"https:\/\/ipn.usac.edu.gt\/index.php?rest_route=\/wp\/v2\/types\/post"}],"author":[{"embeddable":true,"href":"https:\/\/ipn.usac.edu.gt\/index.php?rest_route=\/wp\/v2\/users\/1"}],"replies":[{"embeddable":true,"href":"https:\/\/ipn.usac.edu.gt\/index.php?rest_route=%2Fwp%2Fv2%2Fcomments&post=16579"}],"version-history":[{"count":4,"href":"https:\/\/ipn.usac.edu.gt\/index.php?rest_route=\/wp\/v2\/posts\/16579\/revisions"}],"predecessor-version":[{"id":16619,"href":"https:\/\/ipn.usac.edu.gt\/index.php?rest_route=\/wp\/v2\/posts\/16579\/revisions\/16619"}],"wp:featuredmedia":[{"embeddable":true,"href":"https:\/\/ipn.usac.edu.gt\/index.php?rest_route=\/wp\/v2\/media\/16580"}],"wp:attachment":[{"href":"https:\/\/ipn.usac.edu.gt\/index.php?rest_route=%2Fwp%2Fv2%2Fmedia&parent=16579"}],"wp:term":[{"taxonomy":"category","embeddable":true,"href":"https:\/\/ipn.usac.edu.gt\/index.php?rest_route=%2Fwp%2Fv2%2Fcategories&post=16579"},{"taxonomy":"post_tag","embeddable":true,"href":"https:\/\/ipn.usac.edu.gt\/index.php?rest_route=%2Fwp%2Fv2%2Ftags&post=16579"}],"curies":[{"name":"wp","href":"https:\/\/api.w.org\/{rel}","templated":true}]}}