{"id":16969,"date":"2023-04-17T12:00:08","date_gmt":"2023-04-17T18:00:08","guid":{"rendered":"https:\/\/ipn.usac.edu.gt\/?p=16969"},"modified":"2023-04-20T07:55:16","modified_gmt":"2023-04-20T13:55:16","slug":"donde-esta-el-agua-y-de-quien-es","status":"publish","type":"post","link":"https:\/\/ipn.usac.edu.gt\/?p=16969","title":{"rendered":"\u00bfD\u00f3nde est\u00e1 el agua y de qui\u00e9n es?"},"content":{"rendered":"\n<p class=\"has-black-color has-text-color\" style=\"font-size:30px\"><strong>\u00bfD\u00f3nde est\u00e1 el agua y de qui\u00e9n es?<\/strong><\/p>\n\n\n\n<p class=\"has-black-color has-text-color\">Marco Vinicio Mej\u00eda D\u00e1vila<br>Director del IPNUSAC<\/p>\n\n\n\n<p class=\"has-black-color has-text-color\">El Congreso de la Rep\u00fablica de Guatemala incumple la obligaci\u00f3n de emitir una ley espec\u00edfica sobre el r\u00e9gimen de aguas. Esta omisi\u00f3n se explica por la colisi\u00f3n de los intereses de las \u00e9lites gobernantes con las organizaciones populares y campesinas.<\/p>\n\n\n\n<p class=\"has-text-align-center has-black-color has-text-color\"><strong><a href=\"https:\/\/bit.ly\/3MUZGBA\">Descargar art\u00edculo<\/a><\/strong><\/p>\n\n\n<div class=\"wp-block-image\">\n<figure class=\"aligncenter size-large is-resized\"><a href=\"https:\/\/bit.ly\/3MUZGBA\"><img decoding=\"async\" loading=\"lazy\" src=\"https:\/\/ipn.usac.edu.gt\/wp-content\/uploads\/2023\/04\/Presentacion-1024x448.jpg\" alt=\"\" class=\"wp-image-16968\" width=\"668\" height=\"292\" srcset=\"https:\/\/ipn.usac.edu.gt\/wp-content\/uploads\/2023\/04\/Presentacion-1024x448.jpg 1024w, https:\/\/ipn.usac.edu.gt\/wp-content\/uploads\/2023\/04\/Presentacion-300x131.jpg 300w, https:\/\/ipn.usac.edu.gt\/wp-content\/uploads\/2023\/04\/Presentacion-768x336.jpg 768w, https:\/\/ipn.usac.edu.gt\/wp-content\/uploads\/2023\/04\/Presentacion-1536x672.jpg 1536w, https:\/\/ipn.usac.edu.gt\/wp-content\/uploads\/2023\/04\/Presentacion-2048x896.jpg 2048w\" sizes=\"(max-width: 668px) 100vw, 668px\" \/><\/a><\/figure><\/div>","protected":false},"excerpt":{"rendered":"<p>\u00bfD\u00f3nde est\u00e1 el agua y de qui\u00e9n es? Marco Vinicio Mej\u00eda D\u00e1vilaDirector del IPNUSAC El Congreso de la Rep\u00fablica de Guatemala incumple la obligaci\u00f3n de emitir una ley espec\u00edfica sobre el r\u00e9gimen de aguas. Esta omisi\u00f3n se explica por la<\/p>\n","protected":false},"author":1,"featured_media":16968,"comment_status":"closed","ping_status":"closed","sticky":false,"template":"","format":"standard","meta":{"footnotes":""},"categories":[28],"tags":[168,169,171,170],"_links":{"self":[{"href":"https:\/\/ipn.usac.edu.gt\/index.php?rest_route=\/wp\/v2\/posts\/16969"}],"collection":[{"href":"https:\/\/ipn.usac.edu.gt\/index.php?rest_route=\/wp\/v2\/posts"}],"about":[{"href":"https:\/\/ipn.usac.edu.gt\/index.php?rest_route=\/wp\/v2\/types\/post"}],"author":[{"embeddable":true,"href":"https:\/\/ipn.usac.edu.gt\/index.php?rest_route=\/wp\/v2\/users\/1"}],"replies":[{"embeddable":true,"href":"https:\/\/ipn.usac.edu.gt\/index.php?rest_route=%2Fwp%2Fv2%2Fcomments&post=16969"}],"version-history":[{"count":1,"href":"https:\/\/ipn.usac.edu.gt\/index.php?rest_route=\/wp\/v2\/posts\/16969\/revisions"}],"predecessor-version":[{"id":16970,"href":"https:\/\/ipn.usac.edu.gt\/index.php?rest_route=\/wp\/v2\/posts\/16969\/revisions\/16970"}],"wp:featuredmedia":[{"embeddable":true,"href":"https:\/\/ipn.usac.edu.gt\/index.php?rest_route=\/wp\/v2\/media\/16968"}],"wp:attachment":[{"href":"https:\/\/ipn.usac.edu.gt\/index.php?rest_route=%2Fwp%2Fv2%2Fmedia&parent=16969"}],"wp:term":[{"taxonomy":"category","embeddable":true,"href":"https:\/\/ipn.usac.edu.gt\/index.php?rest_route=%2Fwp%2Fv2%2Fcategories&post=16969"},{"taxonomy":"post_tag","embeddable":true,"href":"https:\/\/ipn.usac.edu.gt\/index.php?rest_route=%2Fwp%2Fv2%2Ftags&post=16969"}],"curies":[{"name":"wp","href":"https:\/\/api.w.org\/{rel}","templated":true}]}}