{"id":17026,"date":"2023-05-04T10:24:45","date_gmt":"2023-05-04T16:24:45","guid":{"rendered":"https:\/\/ipn.usac.edu.gt\/?p=17026"},"modified":"2023-05-04T10:24:46","modified_gmt":"2023-05-04T16:24:46","slug":"revista-edicion-40","status":"publish","type":"post","link":"https:\/\/ipn.usac.edu.gt\/?p=17026","title":{"rendered":"Revista edici\u00f3n 40"},"content":{"rendered":"\n<p class=\"has-black-color has-text-color has-large-font-size\"><strong>Revista edici\u00f3n 40<\/strong><\/p>\n\n\n\n<p class=\"has-black-color has-text-color has-medium-font-size\"><strong>El Estado asesin\u00f3 a las ni\u00f1as<\/strong><\/p>\n\n\n\n<p class=\"has-text-align-center has-black-color has-text-color\"><strong><a href=\"https:\/\/bit.ly\/426qwvB\">Descargar revista 40<\/a><\/strong><\/p>\n\n\n<div class=\"wp-block-image\">\n<figure class=\"aligncenter size-large is-resized\"><a href=\"https:\/\/bit.ly\/426qwvB\"><img decoding=\"async\" loading=\"lazy\" src=\"https:\/\/ipn.usac.edu.gt\/wp-content\/uploads\/2023\/05\/Cubierta-revista-40-1-778x1024.jpg\" alt=\"\" class=\"wp-image-17028\" width=\"481\" height=\"633\" srcset=\"https:\/\/ipn.usac.edu.gt\/wp-content\/uploads\/2023\/05\/Cubierta-revista-40-1-778x1024.jpg 778w, https:\/\/ipn.usac.edu.gt\/wp-content\/uploads\/2023\/05\/Cubierta-revista-40-1-228x300.jpg 228w, https:\/\/ipn.usac.edu.gt\/wp-content\/uploads\/2023\/05\/Cubierta-revista-40-1-768x1011.jpg 768w, https:\/\/ipn.usac.edu.gt\/wp-content\/uploads\/2023\/05\/Cubierta-revista-40-1-1167x1536.jpg 1167w, https:\/\/ipn.usac.edu.gt\/wp-content\/uploads\/2023\/05\/Cubierta-revista-40-1-1556x2048.jpg 1556w, https:\/\/ipn.usac.edu.gt\/wp-content\/uploads\/2023\/05\/Cubierta-revista-40-1-scaled.jpg 1945w\" sizes=\"(max-width: 481px) 100vw, 481px\" \/><\/a><\/figure><\/div>\n\n\n<p class=\"has-text-align-center has-black-color has-text-color has-medium-font-size\"><strong>Los verdugos de la ni\u00f1ez y la adolescencia en Guatemala<br><\/strong>Marco Vinicio Mej\u00eda D\u00e1vila<\/p>\n\n\n\n<p class=\"has-text-align-center has-black-color has-text-color\"><a href=\"https:\/\/ipn.usac.edu.gt\/wp-content\/uploads\/2023\/05\/Los-verdugos-de-la-ninez-y-la-adolescencia-en-Guatemala.pdf\">Descargar art\u00edculo<\/a><\/p>\n\n\n\n<p class=\"has-text-align-center has-black-color has-text-color has-medium-font-size\"><strong>El Estado de Guatemala asesin\u00f3 a las ni\u00f1as<br><\/strong>Marco Vinicio Mej\u00eda D\u00e1vila<\/p>\n\n\n\n<p class=\"has-text-align-center has-black-color has-text-color\"><a href=\"https:\/\/ipn.usac.edu.gt\/wp-content\/uploads\/2023\/05\/El-Estado-de-Guatemala-asesino-a-las-ninas.pdf\">Descargar art\u00edculo<\/a><\/p>\n\n\n\n<p class=\"has-text-align-center has-black-color has-text-color has-medium-font-size\"><strong>\u00bfUna debacle la salud en Guatemala?<br><\/strong>Alfonso Mata<\/p>\n\n\n\n<p class=\"has-text-align-center has-black-color has-text-color\"><a href=\"https:\/\/ipn.usac.edu.gt\/wp-content\/uploads\/2023\/05\/Una-debacle-la-salud-en-Guatemala.pdf\">Descargar art\u00edculo<\/a><\/p>\n\n\n\n<p class=\"has-text-align-center has-black-color has-text-color has-medium-font-size\"><strong>Tan lejos de Dios y tan cerca\u2026 de M\u00e9xico<br><\/strong>Edgar Celada Q.<\/p>\n\n\n\n<p class=\"has-text-align-center has-black-color has-text-color\"><a href=\"https:\/\/ipn.usac.edu.gt\/wp-content\/uploads\/2023\/05\/Tan-lejos-de-Dios-y-tan-cerca\u2026-de-Mexico.pdf\">Descargar art\u00edculo<\/a><\/p>\n\n\n\n<p class=\"has-text-align-center has-black-color has-text-color has-medium-font-size\"><strong>Cooperaci\u00f3n internacional y desarrollo humano: incidencia de la cooperaci\u00f3n internacional en la pol\u00edtica municipal de juventud<\/strong><br>Emma Garc\u00eda<\/p>\n\n\n\n<p class=\"has-text-align-center has-black-color has-text-color\"><a href=\"https:\/\/ipn.usac.edu.gt\/wp-content\/uploads\/2023\/05\/Cooperacion-internacional-y-desarrollo-humano-incidencia-de-la-cooperacion-internacional-en-la-politica-municipal-de-juventud.pdf\">Descargar art\u00edculo<\/a><\/p>\n\n\n\n<p><\/p>\n","protected":false},"excerpt":{"rendered":"<p>Revista edici\u00f3n 40 El Estado asesin\u00f3 a las ni\u00f1as Descargar revista 40 Los verdugos de la ni\u00f1ez y la adolescencia en GuatemalaMarco Vinicio Mej\u00eda D\u00e1vila Descargar art\u00edculo El Estado de Guatemala asesin\u00f3 a las ni\u00f1asMarco Vinicio Mej\u00eda D\u00e1vila Descargar art\u00edculo<\/p>\n","protected":false},"author":101016,"featured_media":17028,"comment_status":"closed","ping_status":"closed","sticky":false,"template":"","format":"standard","meta":{"footnotes":""},"categories":[29],"tags":[194,146,192,161,144,163,119,152,193,153,147,162,145,64,151,164],"_links":{"self":[{"href":"https:\/\/ipn.usac.edu.gt\/index.php?rest_route=\/wp\/v2\/posts\/17026"}],"collection":[{"href":"https:\/\/ipn.usac.edu.gt\/index.php?rest_route=\/wp\/v2\/posts"}],"about":[{"href":"https:\/\/ipn.usac.edu.gt\/index.php?rest_route=\/wp\/v2\/types\/post"}],"author":[{"embeddable":true,"href":"https:\/\/ipn.usac.edu.gt\/index.php?rest_route=\/wp\/v2\/users\/101016"}],"replies":[{"embeddable":true,"href":"https:\/\/ipn.usac.edu.gt\/index.php?rest_route=%2Fwp%2Fv2%2Fcomments&post=17026"}],"version-history":[{"count":1,"href":"https:\/\/ipn.usac.edu.gt\/index.php?rest_route=\/wp\/v2\/posts\/17026\/revisions"}],"predecessor-version":[{"id":17034,"href":"https:\/\/ipn.usac.edu.gt\/index.php?rest_route=\/wp\/v2\/posts\/17026\/revisions\/17034"}],"wp:featuredmedia":[{"embeddable":true,"href":"https:\/\/ipn.usac.edu.gt\/index.php?rest_route=\/wp\/v2\/media\/17028"}],"wp:attachment":[{"href":"https:\/\/ipn.usac.edu.gt\/index.php?rest_route=%2Fwp%2Fv2%2Fmedia&parent=17026"}],"wp:term":[{"taxonomy":"category","embeddable":true,"href":"https:\/\/ipn.usac.edu.gt\/index.php?rest_route=%2Fwp%2Fv2%2Fcategories&post=17026"},{"taxonomy":"post_tag","embeddable":true,"href":"https:\/\/ipn.usac.edu.gt\/index.php?rest_route=%2Fwp%2Fv2%2Ftags&post=17026"}],"curies":[{"name":"wp","href":"https:\/\/api.w.org\/{rel}","templated":true}]}}