{"id":17134,"date":"2023-06-19T10:56:25","date_gmt":"2023-06-19T16:56:25","guid":{"rendered":"https:\/\/ipn.usac.edu.gt\/?p=17134"},"modified":"2023-06-19T11:03:28","modified_gmt":"2023-06-19T17:03:28","slug":"revista-analisis-de-la-realidad-nacional-245-2","status":"publish","type":"post","link":"https:\/\/ipn.usac.edu.gt\/?p=17134","title":{"rendered":"Revista An\u00e1lisis de la Realidad Nacional 246"},"content":{"rendered":"\n<p class=\"has-medium-font-size\">Revista An\u00e1lisis de la Realidad Nacional 246<\/p>\n\n\n\n<p class=\"has-large-font-size\"><strong>Elecciones en la era Tik Tok<\/strong><\/p>\n\n\n\n<p class=\"has-text-align-center\"><a href=\"https:\/\/bit.ly\/43Ig3XP\"><strong>Descargar revista<\/strong><\/a><\/p>\n\n\n<div class=\"wp-block-image\">\n<figure class=\"aligncenter size-large is-resized\"><a href=\"https:\/\/bit.ly\/43Ig3XP\"><img decoding=\"async\" loading=\"lazy\" src=\"https:\/\/ipn.usac.edu.gt\/wp-content\/uploads\/2023\/06\/Anuncio-246-01-819x1024.jpg\" alt=\"\" class=\"wp-image-17121\" width=\"504\" height=\"630\" srcset=\"https:\/\/ipn.usac.edu.gt\/wp-content\/uploads\/2023\/06\/Anuncio-246-01-819x1024.jpg 819w, https:\/\/ipn.usac.edu.gt\/wp-content\/uploads\/2023\/06\/Anuncio-246-01-240x300.jpg 240w, https:\/\/ipn.usac.edu.gt\/wp-content\/uploads\/2023\/06\/Anuncio-246-01-768x960.jpg 768w, https:\/\/ipn.usac.edu.gt\/wp-content\/uploads\/2023\/06\/Anuncio-246-01-1229x1536.jpg 1229w, https:\/\/ipn.usac.edu.gt\/wp-content\/uploads\/2023\/06\/Anuncio-246-01-1638x2048.jpg 1638w, https:\/\/ipn.usac.edu.gt\/wp-content\/uploads\/2023\/06\/Anuncio-246-01-scaled.jpg 2048w\" sizes=\"(max-width: 504px) 100vw, 504px\" \/><\/a><\/figure><\/div>\n\n\n<hr class=\"wp-block-separator has-alpha-channel-opacity\"\/>\n\n\n\n<p class=\"has-text-align-center has-vivid-cyan-blue-color has-text-color\"><strong>PRESENTACI\u00d3N<\/strong><\/p>\n\n\n\n<p class=\"has-text-align-center has-black-color has-text-color has-medium-font-size\"><strong>Reflexiones en torno a la democracia<\/strong><\/p>\n\n\n<div class=\"wp-block-image\">\n<figure class=\"aligncenter size-large is-resized\"><a href=\"https:\/\/bit.ly\/43PFYNA\"><img decoding=\"async\" loading=\"lazy\" src=\"https:\/\/ipn.usac.edu.gt\/wp-content\/uploads\/2023\/06\/Presentacion-1-1024x448.jpg\" alt=\"\" class=\"wp-image-17136\" width=\"571\" height=\"249\" srcset=\"https:\/\/ipn.usac.edu.gt\/wp-content\/uploads\/2023\/06\/Presentacion-1-1024x448.jpg 1024w, https:\/\/ipn.usac.edu.gt\/wp-content\/uploads\/2023\/06\/Presentacion-1-300x131.jpg 300w, https:\/\/ipn.usac.edu.gt\/wp-content\/uploads\/2023\/06\/Presentacion-1-768x336.jpg 768w, https:\/\/ipn.usac.edu.gt\/wp-content\/uploads\/2023\/06\/Presentacion-1-1536x672.jpg 1536w, https:\/\/ipn.usac.edu.gt\/wp-content\/uploads\/2023\/06\/Presentacion-1-2048x896.jpg 2048w\" sizes=\"(max-width: 571px) 100vw, 571px\" \/><\/a><\/figure><\/div>\n\n\n<hr class=\"wp-block-separator has-alpha-channel-opacity\"\/>\n\n\n\n<p class=\"has-text-align-center has-vivid-cyan-blue-color has-text-color\"><strong>ACTUALIDAD<\/strong><\/p>\n\n\n\n<p class=\"has-text-align-center has-black-color has-text-color has-medium-font-size\"><strong>Ambig\u00fcedad y falta de certeza en la democracia local<\/strong><\/p>\n\n\n<div class=\"wp-block-image\">\n<figure class=\"aligncenter size-large is-resized\"><a href=\"https:\/\/bit.ly\/3NinRZx\"><img decoding=\"async\" loading=\"lazy\" src=\"https:\/\/ipn.usac.edu.gt\/wp-content\/uploads\/2023\/06\/Actualidad-2-1024x448.jpg\" alt=\"\" class=\"wp-image-17137\" width=\"567\" height=\"248\" srcset=\"https:\/\/ipn.usac.edu.gt\/wp-content\/uploads\/2023\/06\/Actualidad-2-1024x448.jpg 1024w, https:\/\/ipn.usac.edu.gt\/wp-content\/uploads\/2023\/06\/Actualidad-2-300x131.jpg 300w, https:\/\/ipn.usac.edu.gt\/wp-content\/uploads\/2023\/06\/Actualidad-2-768x336.jpg 768w, https:\/\/ipn.usac.edu.gt\/wp-content\/uploads\/2023\/06\/Actualidad-2-1536x672.jpg 1536w, https:\/\/ipn.usac.edu.gt\/wp-content\/uploads\/2023\/06\/Actualidad-2-2048x896.jpg 2048w\" sizes=\"(max-width: 567px) 100vw, 567px\" \/><\/a><\/figure><\/div>\n\n\n<hr class=\"wp-block-separator has-alpha-channel-opacity\"\/>\n\n\n\n<p class=\"has-text-align-center has-vivid-cyan-blue-color has-text-color\"><strong>DEBATE<\/strong><\/p>\n\n\n\n<p class=\"has-text-align-center has-black-color has-text-color has-medium-font-size\"><strong>Tradici\u00f3n presidencialista en Guatemala, la personalizaci\u00f3n del poder<br><\/strong>Cristhians Manolo Castillo<\/p>\n\n\n<div class=\"wp-block-image\">\n<figure class=\"aligncenter size-large is-resized\"><a href=\"https:\/\/bit.ly\/3qQYB52\"><img decoding=\"async\" loading=\"lazy\" src=\"https:\/\/ipn.usac.edu.gt\/wp-content\/uploads\/2023\/06\/Debate-1-1-1024x448.jpg\" alt=\"\" class=\"wp-image-17138\" width=\"576\" height=\"252\" srcset=\"https:\/\/ipn.usac.edu.gt\/wp-content\/uploads\/2023\/06\/Debate-1-1-1024x448.jpg 1024w, https:\/\/ipn.usac.edu.gt\/wp-content\/uploads\/2023\/06\/Debate-1-1-300x131.jpg 300w, https:\/\/ipn.usac.edu.gt\/wp-content\/uploads\/2023\/06\/Debate-1-1-768x336.jpg 768w, https:\/\/ipn.usac.edu.gt\/wp-content\/uploads\/2023\/06\/Debate-1-1-1536x672.jpg 1536w, https:\/\/ipn.usac.edu.gt\/wp-content\/uploads\/2023\/06\/Debate-1-1-2048x896.jpg 2048w\" sizes=\"(max-width: 576px) 100vw, 576px\" \/><\/a><\/figure><\/div>\n\n\n<hr class=\"wp-block-separator has-alpha-channel-opacity\"\/>\n\n\n\n<p class=\"has-text-align-center has-black-color has-text-color has-medium-font-size\"><strong>La pol\u00edtica en las redes sociales<br><\/strong>Elisabeth Avalos<\/p>\n\n\n<div class=\"wp-block-image\">\n<figure class=\"aligncenter size-large is-resized\"><a href=\"https:\/\/bit.ly\/3Cxqhyx\"><img decoding=\"async\" loading=\"lazy\" src=\"https:\/\/ipn.usac.edu.gt\/wp-content\/uploads\/2023\/06\/Debate-2-1-1024x448.jpg\" alt=\"\" class=\"wp-image-17139\" width=\"595\" height=\"260\" srcset=\"https:\/\/ipn.usac.edu.gt\/wp-content\/uploads\/2023\/06\/Debate-2-1-1024x448.jpg 1024w, https:\/\/ipn.usac.edu.gt\/wp-content\/uploads\/2023\/06\/Debate-2-1-300x131.jpg 300w, https:\/\/ipn.usac.edu.gt\/wp-content\/uploads\/2023\/06\/Debate-2-1-768x336.jpg 768w, https:\/\/ipn.usac.edu.gt\/wp-content\/uploads\/2023\/06\/Debate-2-1-1536x672.jpg 1536w, https:\/\/ipn.usac.edu.gt\/wp-content\/uploads\/2023\/06\/Debate-2-1-2048x896.jpg 2048w\" sizes=\"(max-width: 595px) 100vw, 595px\" \/><\/a><\/figure><\/div>\n\n\n<hr class=\"wp-block-separator has-alpha-channel-opacity\"\/>\n\n\n\n<p class=\"has-text-align-center has-black-color has-text-color has-medium-font-size\"><strong>LATINOBAR\u00d3METRO, Informe 2021 \u201cAdi\u00f3s a Macondo\u201d An\u00e1lisis de resultados para Guatemala<br><\/strong>Jacqueline Rodr\u00edguez<\/p>\n\n\n<div class=\"wp-block-image\">\n<figure class=\"aligncenter size-large is-resized\"><a href=\"https:\/\/bit.ly\/3PkFr1M\"><img decoding=\"async\" loading=\"lazy\" src=\"https:\/\/ipn.usac.edu.gt\/wp-content\/uploads\/2023\/06\/Debate-3-1-1024x448.jpg\" alt=\"\" class=\"wp-image-17140\" width=\"602\" height=\"263\" srcset=\"https:\/\/ipn.usac.edu.gt\/wp-content\/uploads\/2023\/06\/Debate-3-1-1024x448.jpg 1024w, https:\/\/ipn.usac.edu.gt\/wp-content\/uploads\/2023\/06\/Debate-3-1-300x131.jpg 300w, https:\/\/ipn.usac.edu.gt\/wp-content\/uploads\/2023\/06\/Debate-3-1-768x336.jpg 768w, https:\/\/ipn.usac.edu.gt\/wp-content\/uploads\/2023\/06\/Debate-3-1-1536x672.jpg 1536w, https:\/\/ipn.usac.edu.gt\/wp-content\/uploads\/2023\/06\/Debate-3-1-2048x896.jpg 2048w\" sizes=\"(max-width: 602px) 100vw, 602px\" \/><\/a><\/figure><\/div>\n\n\n<hr class=\"wp-block-separator has-alpha-channel-opacity\"\/>\n\n\n\n<p class=\"has-text-align-center has-black-color has-text-color has-medium-font-size\"><strong>El intelectual<br><\/strong>Nieves y Mir\u00f3 Fuenzalida<\/p>\n\n\n<div class=\"wp-block-image\">\n<figure class=\"aligncenter size-large is-resized\"><a href=\"https:\/\/bit.ly\/3p9UHUe\"><img decoding=\"async\" loading=\"lazy\" src=\"https:\/\/ipn.usac.edu.gt\/wp-content\/uploads\/2023\/06\/Debate-4-1-1024x448.jpg\" alt=\"\" class=\"wp-image-17141\" width=\"599\" height=\"261\" srcset=\"https:\/\/ipn.usac.edu.gt\/wp-content\/uploads\/2023\/06\/Debate-4-1-1024x448.jpg 1024w, https:\/\/ipn.usac.edu.gt\/wp-content\/uploads\/2023\/06\/Debate-4-1-300x131.jpg 300w, https:\/\/ipn.usac.edu.gt\/wp-content\/uploads\/2023\/06\/Debate-4-1-768x336.jpg 768w, https:\/\/ipn.usac.edu.gt\/wp-content\/uploads\/2023\/06\/Debate-4-1-1536x672.jpg 1536w, https:\/\/ipn.usac.edu.gt\/wp-content\/uploads\/2023\/06\/Debate-4-1-2048x896.jpg 2048w\" sizes=\"(max-width: 599px) 100vw, 599px\" \/><\/a><\/figure><\/div>\n\n\n<hr class=\"wp-block-separator has-alpha-channel-opacity\"\/>\n\n\n\n<p class=\"has-text-align-center has-black-color has-text-color has-medium-font-size\"><strong>El silencio de los intelectuales<br><\/strong>Boaventura de Sousa Santos<\/p>\n\n\n<div class=\"wp-block-image\">\n<figure class=\"aligncenter size-large is-resized\"><a href=\"https:\/\/bit.ly\/42RU9QK\"><img decoding=\"async\" loading=\"lazy\" src=\"https:\/\/ipn.usac.edu.gt\/wp-content\/uploads\/2023\/06\/Debate-5-1-1024x448.jpg\" alt=\"\" class=\"wp-image-17142\" width=\"588\" height=\"257\" srcset=\"https:\/\/ipn.usac.edu.gt\/wp-content\/uploads\/2023\/06\/Debate-5-1-1024x448.jpg 1024w, https:\/\/ipn.usac.edu.gt\/wp-content\/uploads\/2023\/06\/Debate-5-1-300x131.jpg 300w, https:\/\/ipn.usac.edu.gt\/wp-content\/uploads\/2023\/06\/Debate-5-1-768x336.jpg 768w, https:\/\/ipn.usac.edu.gt\/wp-content\/uploads\/2023\/06\/Debate-5-1-1536x672.jpg 1536w, https:\/\/ipn.usac.edu.gt\/wp-content\/uploads\/2023\/06\/Debate-5-1-2048x896.jpg 2048w\" sizes=\"(max-width: 588px) 100vw, 588px\" \/><\/a><\/figure><\/div>\n\n\n<hr class=\"wp-block-separator has-alpha-channel-opacity\"\/>\n\n\n\n<p class=\"has-text-align-center has-black-color has-text-color has-medium-font-size\"><strong>Legislaci\u00f3n nacional y pol\u00edticas p\u00fablicas para el desarrollo humano local<br><\/strong>Isaias Romeo Corado Revolorio<\/p>\n\n\n<div class=\"wp-block-image\">\n<figure class=\"aligncenter size-large is-resized\"><a href=\"https:\/\/bit.ly\/3pfjXZl\"><img decoding=\"async\" loading=\"lazy\" src=\"https:\/\/ipn.usac.edu.gt\/wp-content\/uploads\/2023\/06\/Debate-6-1-1024x448.jpg\" alt=\"\" class=\"wp-image-17143\" width=\"584\" height=\"255\" srcset=\"https:\/\/ipn.usac.edu.gt\/wp-content\/uploads\/2023\/06\/Debate-6-1-1024x448.jpg 1024w, https:\/\/ipn.usac.edu.gt\/wp-content\/uploads\/2023\/06\/Debate-6-1-300x131.jpg 300w, https:\/\/ipn.usac.edu.gt\/wp-content\/uploads\/2023\/06\/Debate-6-1-768x336.jpg 768w, https:\/\/ipn.usac.edu.gt\/wp-content\/uploads\/2023\/06\/Debate-6-1-1536x672.jpg 1536w, https:\/\/ipn.usac.edu.gt\/wp-content\/uploads\/2023\/06\/Debate-6-1-2048x896.jpg 2048w\" sizes=\"(max-width: 584px) 100vw, 584px\" \/><\/a><\/figure><\/div>\n\n\n<p class=\"has-text-align-center has-black-color has-text-color\"><\/p>\n\n\n\n<p class=\"has-text-align-center has-black-color has-text-color\"><\/p>\n\n\n\n<p class=\"has-text-align-center has-black-color has-text-color\"><\/p>\n","protected":false},"excerpt":{"rendered":"<p>Revista An\u00e1lisis de la Realidad Nacional 246 Elecciones en la era Tik Tok Descargar revista PRESENTACI\u00d3N Reflexiones en torno a la democracia ACTUALIDAD Ambig\u00fcedad y falta de certeza en la democracia local DEBATE Tradici\u00f3n presidencialista en Guatemala, la personalizaci\u00f3n del<\/p>\n","protected":false},"author":101016,"featured_media":17121,"comment_status":"closed","ping_status":"closed","sticky":false,"template":"","format":"standard","meta":{"footnotes":""},"categories":[28],"tags":[],"_links":{"self":[{"href":"https:\/\/ipn.usac.edu.gt\/index.php?rest_route=\/wp\/v2\/posts\/17134"}],"collection":[{"href":"https:\/\/ipn.usac.edu.gt\/index.php?rest_route=\/wp\/v2\/posts"}],"about":[{"href":"https:\/\/ipn.usac.edu.gt\/index.php?rest_route=\/wp\/v2\/types\/post"}],"author":[{"embeddable":true,"href":"https:\/\/ipn.usac.edu.gt\/index.php?rest_route=\/wp\/v2\/users\/101016"}],"replies":[{"embeddable":true,"href":"https:\/\/ipn.usac.edu.gt\/index.php?rest_route=%2Fwp%2Fv2%2Fcomments&post=17134"}],"version-history":[{"count":2,"href":"https:\/\/ipn.usac.edu.gt\/index.php?rest_route=\/wp\/v2\/posts\/17134\/revisions"}],"predecessor-version":[{"id":17145,"href":"https:\/\/ipn.usac.edu.gt\/index.php?rest_route=\/wp\/v2\/posts\/17134\/revisions\/17145"}],"wp:featuredmedia":[{"embeddable":true,"href":"https:\/\/ipn.usac.edu.gt\/index.php?rest_route=\/wp\/v2\/media\/17121"}],"wp:attachment":[{"href":"https:\/\/ipn.usac.edu.gt\/index.php?rest_route=%2Fwp%2Fv2%2Fmedia&parent=17134"}],"wp:term":[{"taxonomy":"category","embeddable":true,"href":"https:\/\/ipn.usac.edu.gt\/index.php?rest_route=%2Fwp%2Fv2%2Fcategories&post=17134"},{"taxonomy":"post_tag","embeddable":true,"href":"https:\/\/ipn.usac.edu.gt\/index.php?rest_route=%2Fwp%2Fv2%2Ftags&post=17134"}],"curies":[{"name":"wp","href":"https:\/\/api.w.org\/{rel}","templated":true}]}}